{"id":967,"date":"2020-01-06T18:00:14","date_gmt":"2020-01-06T16:00:14","guid":{"rendered":"https:\/\/schwarzer.de\/blog\/?p=967"},"modified":"2020-12-28T17:36:41","modified_gmt":"2020-12-28T15:36:41","slug":"fejn-geworden","status":"publish","type":"post","link":"https:\/\/schwarzer.de\/blog\/fejn-geworden\/","title":{"rendered":"fejn geworden!"},"content":{"rendered":"<p><!-- <ezTOC> -->[vc_row][vc_column][vc_column_text]Prosit Neujahr!<br \/>\n<!--more--><\/p>\n<p>Mit dem neuen Jahr \u00e4ndert sich alles. Na ja, zumindest vieles. Hat man sich vorgenommen. Wie halten Sie es mit den sogenannten \u201eguten\u201c Vors\u00e4tzen?<\/p>\n<p>Wir haben unseren Vors\u00e4tzen erst gar keine Chance bis Silvester gelassen. Stattdessen haben wir unsere Entscheidungen schon am 17. Dezember getroffen. An eben diesem Tag haben uns <strong>Sabine M\u00fcller-Hahn<\/strong> und <strong>Roland Ittstein<\/strong> von der <a href=\"https:\/\/fejn.de\/\" target=\"_blank\" rel=\"noopener noreferrer\">Agentur fejn<\/a> in der Mainzer Neutorstra\u00dfe ihre <strong>Entw\u00fcrfe f\u00fcr den Relaunch unseres Corporate Design<\/strong> vorgestellt. Wir, das waren an diesem Tag drei Schwarzers: <strong>Katharina Joos<\/strong>, <strong>Jutta Diemer<\/strong>, <strong>Erik Pfeiffer <\/strong>und meine Wenigkeit.<\/p>\n<p>Ich will es auch gleich vorwegnehmen. Unsere Entscheidung f\u00fcr den fejnen Vorschlag fiel sehr schnell. Wer jetzt glaubt, dass wir <strong>unser bisheriges Corporate Design<\/strong> nicht mehr m\u00f6gen w\u00fcrden, liegt falsch. Das ist es nicht. Es <strong>gef\u00e4llt uns seit dem Jahr 2000<\/strong>, als es das Licht der Welt erblickte. Und um ehrlich zu sein, ein wenig wehm\u00fctig ist uns schon zumute, wenn wir es jetzt im Januar 2020 zu Grabe tragen.<\/p>\n<p>Darf man eine heilige Kuh schlachten? Wir haben das Logo doch schon so lange. Und wo bleibt das <em>&#8222;Indisch Gelb&#8220;<\/em>? Evolution statt Revolution! Viele Gedanken schossen uns durch den Kopf &#8211; aber der Bauch hatte bereits entschieden. In dem Moment, als wir die Entw\u00fcrfe erblickten, wurde uns bewusst, dass wir Schwarzers uns doch geh\u00f6rig weiterentwickelt haben. Wir haben uns der Kommunikation verschrieben, unsere Online-Magazine haben monatlich \u00fcber 600.000 Leser. Und wir stehen bei unseren Kunden f\u00fcr absolute Zuverl\u00e4ssigkeit und sicheren Erfolg. Und genau das dr\u00fccken das neue Logo und der neue Claim aus. Das neue Logo sehen Sie im Titelfoto oben. Ich habe bewusst ein Foto davon als Titelbild genommen. Wenn in K\u00fcrze der Relaunch der Webseite durch ist, wird es in natura zu sehen sein. Den Webrelaunch wird Robert Gl\u00fcck mit seinen <a href=\"https:\/\/www.royalkomm.de\/\" target=\"_blank\" rel=\"noopener noreferrer\">Royalkomms<\/a> machen.<\/p>\n[\/vc_column_text][\/vc_column][\/vc_row][vc_row row_height_percent=&#8220;0&#8243; back_color=&#8220;color-lxmt&#8220; overlay_alpha=&#8220;50&#8243; gutter_size=&#8220;3&#8243; column_width_percent=&#8220;100&#8243; shift_y=&#8220;0&#8243; z_index=&#8220;0&#8243;][vc_column width=&#8220;1\/1&#8243;][vc_separator sep_color=&#8220;color-112948&#8243;][uncode_index el_id=&#8220;index-311871&#8243; loop=&#8220;size:1|order_by:date|post_type:post&#8220; gutter_size=&#8220;3&#8243; post_items=&#8220;media|featured|onpost|original,title,text|excerpt|50&#8243; screen_lg=&#8220;1000&#8243; screen_md=&#8220;600&#8243; screen_sm=&#8220;480&#8243; single_text=&#8220;lateral&#8220; single_width=&#8220;8&#8243; single_image_size=&#8220;4&#8243; single_overlay_opacity=&#8220;50&#8243; single_padding=&#8220;2&#8243; single_title_dimension=&#8220;h3&#8243; offset=&#8220;12&#8243;][vc_column_text]Das sollten Sie dringend lesen![\/vc_column_text][vc_separator sep_color=&#8220;color-112948&#8243;][\/vc_column][\/vc_row][vc_row][vc_column][vc_column_text]Wie er lautet, der neue Claim? Oh, sorry! Den habe ich Ihnen ja noch vorenthalten. <strong>&#8222;Garantiert das beste Ergebnis.&#8220;<\/strong> Auch da fanden wir recht schnell, dass der vorgeschlagene Claim es auf den Punkt bringt, was uns ausmacht. <em>&#8222;Es hat sich hier im Haus herumgesprochen, dass die Schwarzers einen verdammt guten Job abliefern.&#8220;<\/em> sagte k\u00fcrzlich eine Kundin. Ich finde, das dr\u00fcckt sich im neuen Claim perfekt aus. Was mit einem Positionierungsworkshop bei fejn begonnen hat, m\u00fcndete jetzt in ein perfektes Ergebnis.<\/p>\n<p>So, vielleicht haben wir Sie neugierig gemacht? Wenn Sie Ihre Pl\u00e4ne f\u00fcr 2020 auch so entschlossen anpacken wollen wie wir, dann lassen Sie uns dr\u00fcber reden.<\/p>\n<p>Ich w\u00fcnsche Ihnen viel Erfolg f\u00fcr 2020!<\/p>\n<p>Ihr <strong>Hans-J\u00fcrgen Schwarzer<\/strong><\/p>\n<p><a href=\"tel:+496131368051\">+49 (0)6131 \/ 36 80 51<\/a><br \/>\n<a href=\"mailto:hjs@schwarzer.de\" target=\"_blank\" rel=\"noopener noreferrer\">hjs@schwarzer.de<\/a>[\/vc_column_text][\/vc_column][\/vc_row]<!-- <\/ezTOC> --><\/p>\n","protected":false},"excerpt":{"rendered":"<p>[vc_row][vc_column][vc_column_text]Prosit Neujahr!<\/p>\n","protected":false},"author":2,"featured_media":968,"comment_status":"closed","ping_status":"open","sticky":false,"template":"","format":"standard","meta":[],"categories":[1],"tags":[],"features_image":"https:\/\/schwarzer.de\/blog\/wp-content\/uploads\/2020\/01\/schwarzer-de-cd-relaunch-2020.jpg","rk_cat":null,"rk_date":"06.01.2020","yoast_head":"<!-- This site is optimized with the Yoast SEO plugin v18.1 - https:\/\/yoast.com\/wordpress\/plugins\/seo\/ -->\n<title>fejn geworden! - Schwarzer.de Blog<\/title>\n<meta name=\"robots\" content=\"index, follow, max-snippet:-1, max-image-preview:large, max-video-preview:-1\" \/>\n<link rel=\"canonical\" href=\"https:\/\/schwarzer.de\/blog\/fejn-geworden\/\" \/>\n<meta property=\"og:locale\" content=\"de_DE\" \/>\n<meta property=\"og:type\" content=\"article\" \/>\n<meta property=\"og:title\" content=\"fejn geworden! - Schwarzer.de Blog\" \/>\n<meta property=\"og:description\" content=\"[vc_row][vc_column][vc_column_text]Prosit Neujahr!\" \/>\n<meta property=\"og:url\" content=\"https:\/\/schwarzer.de\/blog\/fejn-geworden\/\" \/>\n<meta property=\"og:site_name\" content=\"Schwarzer.de Blog\" \/>\n<meta property=\"article:published_time\" content=\"2020-01-06T16:00:14+00:00\" \/>\n<meta property=\"article:modified_time\" content=\"2020-12-28T15:36:41+00:00\" \/>\n<meta property=\"og:image\" content=\"https:\/\/schwarzer.de\/blog\/wp-content\/uploads\/2020\/01\/schwarzer-de-cd-relaunch-2020.jpg\" \/>\n\t<meta property=\"og:image:width\" content=\"699\" \/>\n\t<meta property=\"og:image:height\" content=\"335\" \/>\n\t<meta property=\"og:image:type\" content=\"image\/jpeg\" \/>\n<meta name=\"twitter:card\" content=\"summary_large_image\" \/>\n<meta name=\"twitter:label1\" content=\"Geschrieben von\" \/>\n\t<meta name=\"twitter:data1\" content=\"Hans-J\u00fcrgen Schwarzer\" \/>\n\t<meta name=\"twitter:label2\" content=\"Gesch\u00e4tzte Lesezeit\" \/>\n\t<meta name=\"twitter:data2\" content=\"3 Minuten\" \/>\n<script type=\"application\/ld+json\" class=\"yoast-schema-graph\">{\"@context\":\"https:\/\/schema.org\",\"@graph\":[{\"@type\":\"WebSite\",\"@id\":\"https:\/\/schwarzer.de\/blog\/#website\",\"url\":\"https:\/\/schwarzer.de\/blog\/\",\"name\":\"Schwarzer.de Blog\",\"description\":\"\",\"potentialAction\":[{\"@type\":\"SearchAction\",\"target\":{\"@type\":\"EntryPoint\",\"urlTemplate\":\"https:\/\/schwarzer.de\/blog\/?s={search_term_string}\"},\"query-input\":\"required name=search_term_string\"}],\"inLanguage\":\"de-DE\"},{\"@type\":\"ImageObject\",\"@id\":\"https:\/\/schwarzer.de\/blog\/fejn-geworden\/#primaryimage\",\"inLanguage\":\"de-DE\",\"url\":\"https:\/\/schwarzer.de\/blog\/wp-content\/uploads\/2020\/01\/schwarzer-de-cd-relaunch-2020.jpg\",\"contentUrl\":\"https:\/\/schwarzer.de\/blog\/wp-content\/uploads\/2020\/01\/schwarzer-de-cd-relaunch-2020.jpg\",\"width\":699,\"height\":335,\"caption\":\"fejn geworden!\"},{\"@type\":\"WebPage\",\"@id\":\"https:\/\/schwarzer.de\/blog\/fejn-geworden\/#webpage\",\"url\":\"https:\/\/schwarzer.de\/blog\/fejn-geworden\/\",\"name\":\"fejn geworden! - Schwarzer.de Blog\",\"isPartOf\":{\"@id\":\"https:\/\/schwarzer.de\/blog\/#website\"},\"primaryImageOfPage\":{\"@id\":\"https:\/\/schwarzer.de\/blog\/fejn-geworden\/#primaryimage\"},\"datePublished\":\"2020-01-06T16:00:14+00:00\",\"dateModified\":\"2020-12-28T15:36:41+00:00\",\"author\":{\"@id\":\"https:\/\/schwarzer.de\/blog\/#\/schema\/person\/b4ffeb0c116fc217c80baefd49bc381a\"},\"breadcrumb\":{\"@id\":\"https:\/\/schwarzer.de\/blog\/fejn-geworden\/#breadcrumb\"},\"inLanguage\":\"de-DE\",\"potentialAction\":[{\"@type\":\"ReadAction\",\"target\":[\"https:\/\/schwarzer.de\/blog\/fejn-geworden\/\"]}]},{\"@type\":\"BreadcrumbList\",\"@id\":\"https:\/\/schwarzer.de\/blog\/fejn-geworden\/#breadcrumb\",\"itemListElement\":[{\"@type\":\"ListItem\",\"position\":1,\"name\":\"Startseite\",\"item\":\"https:\/\/schwarzer.de\/blog\/\"},{\"@type\":\"ListItem\",\"position\":2,\"name\":\"fejn geworden!\"}]},{\"@type\":\"Person\",\"@id\":\"https:\/\/schwarzer.de\/blog\/#\/schema\/person\/b4ffeb0c116fc217c80baefd49bc381a\",\"name\":\"Hans-J\u00fcrgen Schwarzer\",\"image\":{\"@type\":\"ImageObject\",\"@id\":\"https:\/\/schwarzer.de\/blog\/#personlogo\",\"inLanguage\":\"de-DE\",\"url\":\"https:\/\/secure.gravatar.com\/avatar\/64690c1ea3ab46fac7afd4778bc78364?s=96&d=mm&r=g\",\"contentUrl\":\"https:\/\/secure.gravatar.com\/avatar\/64690c1ea3ab46fac7afd4778bc78364?s=96&d=mm&r=g\",\"caption\":\"Hans-J\u00fcrgen Schwarzer\"},\"description\":\"Hans-J\u00fcrgen Schwarzer leitet die Digital-Agentur schwarzer.de software + internet gmbh. Als Unternehmer und Verleger in Personalunion wie auch als leidenschaftlicher Blogger geh\u00f6rt er zu den Hauptautoren verschiedener Online-Magazine. Innerhalb seiner breiten Palette an Themen liegen dem Mainzer Lokalpatrioten dabei vermeintlich \u201eschr\u00e4ge\u201c Ideen und technische Novit\u00e4ten besonders am Herzen - Nerdstuff, wie es heute hei\u00dft.\",\"url\":\"#\"}]}<\/script>\n<!-- \/ Yoast SEO plugin. -->","yoast_head_json":{"title":"fejn geworden! - Schwarzer.de Blog","robots":{"index":"index","follow":"follow","max-snippet":"max-snippet:-1","max-image-preview":"max-image-preview:large","max-video-preview":"max-video-preview:-1"},"canonical":"https:\/\/schwarzer.de\/blog\/fejn-geworden\/","og_locale":"de_DE","og_type":"article","og_title":"fejn geworden! - Schwarzer.de Blog","og_description":"[vc_row][vc_column][vc_column_text]Prosit Neujahr!","og_url":"https:\/\/schwarzer.de\/blog\/fejn-geworden\/","og_site_name":"Schwarzer.de Blog","article_published_time":"2020-01-06T16:00:14+00:00","article_modified_time":"2020-12-28T15:36:41+00:00","og_image":[{"width":699,"height":335,"url":"https:\/\/schwarzer.de\/blog\/wp-content\/uploads\/2020\/01\/schwarzer-de-cd-relaunch-2020.jpg","type":"image\/jpeg"}],"twitter_card":"summary_large_image","twitter_misc":{"Geschrieben von":"Hans-J\u00fcrgen Schwarzer","Gesch\u00e4tzte Lesezeit":"3 Minuten"},"schema":{"@context":"https:\/\/schema.org","@graph":[{"@type":"WebSite","@id":"https:\/\/schwarzer.de\/blog\/#website","url":"https:\/\/schwarzer.de\/blog\/","name":"Schwarzer.de Blog","description":"","potentialAction":[{"@type":"SearchAction","target":{"@type":"EntryPoint","urlTemplate":"https:\/\/schwarzer.de\/blog\/?s={search_term_string}"},"query-input":"required name=search_term_string"}],"inLanguage":"de-DE"},{"@type":"ImageObject","@id":"https:\/\/schwarzer.de\/blog\/fejn-geworden\/#primaryimage","inLanguage":"de-DE","url":"https:\/\/schwarzer.de\/blog\/wp-content\/uploads\/2020\/01\/schwarzer-de-cd-relaunch-2020.jpg","contentUrl":"https:\/\/schwarzer.de\/blog\/wp-content\/uploads\/2020\/01\/schwarzer-de-cd-relaunch-2020.jpg","width":699,"height":335,"caption":"fejn geworden!"},{"@type":"WebPage","@id":"https:\/\/schwarzer.de\/blog\/fejn-geworden\/#webpage","url":"https:\/\/schwarzer.de\/blog\/fejn-geworden\/","name":"fejn geworden! - Schwarzer.de Blog","isPartOf":{"@id":"https:\/\/schwarzer.de\/blog\/#website"},"primaryImageOfPage":{"@id":"https:\/\/schwarzer.de\/blog\/fejn-geworden\/#primaryimage"},"datePublished":"2020-01-06T16:00:14+00:00","dateModified":"2020-12-28T15:36:41+00:00","author":{"@id":"https:\/\/schwarzer.de\/blog\/#\/schema\/person\/b4ffeb0c116fc217c80baefd49bc381a"},"breadcrumb":{"@id":"https:\/\/schwarzer.de\/blog\/fejn-geworden\/#breadcrumb"},"inLanguage":"de-DE","potentialAction":[{"@type":"ReadAction","target":["https:\/\/schwarzer.de\/blog\/fejn-geworden\/"]}]},{"@type":"BreadcrumbList","@id":"https:\/\/schwarzer.de\/blog\/fejn-geworden\/#breadcrumb","itemListElement":[{"@type":"ListItem","position":1,"name":"Startseite","item":"https:\/\/schwarzer.de\/blog\/"},{"@type":"ListItem","position":2,"name":"fejn geworden!"}]},{"@type":"Person","@id":"https:\/\/schwarzer.de\/blog\/#\/schema\/person\/b4ffeb0c116fc217c80baefd49bc381a","name":"Hans-J\u00fcrgen Schwarzer","image":{"@type":"ImageObject","@id":"https:\/\/schwarzer.de\/blog\/#personlogo","inLanguage":"de-DE","url":"https:\/\/secure.gravatar.com\/avatar\/64690c1ea3ab46fac7afd4778bc78364?s=96&d=mm&r=g","contentUrl":"https:\/\/secure.gravatar.com\/avatar\/64690c1ea3ab46fac7afd4778bc78364?s=96&d=mm&r=g","caption":"Hans-J\u00fcrgen Schwarzer"},"description":"Hans-J\u00fcrgen Schwarzer leitet die Digital-Agentur schwarzer.de software + internet gmbh. Als Unternehmer und Verleger in Personalunion wie auch als leidenschaftlicher Blogger geh\u00f6rt er zu den Hauptautoren verschiedener Online-Magazine. Innerhalb seiner breiten Palette an Themen liegen dem Mainzer Lokalpatrioten dabei vermeintlich \u201eschr\u00e4ge\u201c Ideen und technische Novit\u00e4ten besonders am Herzen - Nerdstuff, wie es heute hei\u00dft.","url":"#"}]}},"_links":{"self":[{"href":"https:\/\/schwarzer.de\/blog\/wp-json\/wp\/v2\/posts\/967"}],"collection":[{"href":"https:\/\/schwarzer.de\/blog\/wp-json\/wp\/v2\/posts"}],"about":[{"href":"https:\/\/schwarzer.de\/blog\/wp-json\/wp\/v2\/types\/post"}],"author":[{"embeddable":true,"href":"https:\/\/schwarzer.de\/blog\/wp-json\/wp\/v2\/users\/2"}],"replies":[{"embeddable":true,"href":"https:\/\/schwarzer.de\/blog\/wp-json\/wp\/v2\/comments?post=967"}],"version-history":[{"count":21,"href":"https:\/\/schwarzer.de\/blog\/wp-json\/wp\/v2\/posts\/967\/revisions"}],"predecessor-version":[{"id":1374,"href":"https:\/\/schwarzer.de\/blog\/wp-json\/wp\/v2\/posts\/967\/revisions\/1374"}],"wp:featuredmedia":[{"embeddable":true,"href":"https:\/\/schwarzer.de\/blog\/wp-json\/wp\/v2\/media\/968"}],"wp:attachment":[{"href":"https:\/\/schwarzer.de\/blog\/wp-json\/wp\/v2\/media?parent=967"}],"wp:term":[{"taxonomy":"category","embeddable":true,"href":"https:\/\/schwarzer.de\/blog\/wp-json\/wp\/v2\/categories?post=967"},{"taxonomy":"post_tag","embeddable":true,"href":"https:\/\/schwarzer.de\/blog\/wp-json\/wp\/v2\/tags?post=967"}],"curies":[{"name":"wp","href":"https:\/\/api.w.org\/{rel}","templated":true}]}}