{"id":850,"date":"2018-04-16T06:00:06","date_gmt":"2018-04-16T04:00:06","guid":{"rendered":"https:\/\/schwarzer.de\/blog\/?p=850"},"modified":"2023-12-22T12:35:35","modified_gmt":"2023-12-22T10:35:35","slug":"mediaapes-die-volle-droehnung","status":"publish","type":"post","link":"https:\/\/schwarzer.de\/blog\/mediaapes-die-volle-droehnung\/","title":{"rendered":"MediaApes: Die volle Dr\u00f6hnung!"},"content":{"rendered":"<p><!-- <ezTOC> --><strong>Tschacka!<\/strong> Auf dem <strong>4. Film &amp; Medien Branchentreff Rheinland-Pfalz<\/strong> habe ich die MediaApes kennenlernen d\u00fcrfen. <strong>Sebastian Gsuck<\/strong> hat mir <a href=\"http:\/\/filmforum-rlp.de\" target=\"_blank\" rel=\"noopener noreferrer\">dort<\/a> den Einblick in ihr Baby <strong>&#8222;3D Audio&#8220;<\/strong> gegeben. Das Erlebnis hat mich gerockt und hat noch lange nach dem Event nachgewirkt. Dieses Jahr dann habe ich beschlossen, das <strong>StartUp MediaApes<\/strong> ein Jahr lang auf seinem fulminanten Steigflug zu begleiten und dar\u00fcber zu berichten.<br \/>\n<!--more--><\/p>\n<h2>TechSprech: Die Sache mit der Wellenfeldsynthese<\/h2>\n<p>Sebastian hat nicht lange gefackelt und hat mir den Kopfh\u00f6rer hingehalten. <em>&#8222;Da, h\u00f6r einfach mal rein&#8220;<\/em> hat er gesagt. Die Dosis 3D-Audio aus der Digitaldose hat ohne Worte schnell erkl\u00e4rt, worum es geht. Ich war h\u00f6chst \u00fcberrascht, als ich in der Soundprobe tats\u00e4chlich den einzelnen Soundquellen eine R\u00e4umlichkeit, einen Platz in der Umgebung zuordnen konnte. Nur aus dem Kopfh\u00f6rer? Ja, nur aus dem Kopfh\u00f6rer!<\/p>\n<p>Man muss es mir angesehen haben, denn die Jungs hatten recht flott die Kamera gez\u00fcckt und meinen \u00fcberraschten Gesichtsausdruck festgehalten. Festgehalten hat mich dann aber auch das, was Sebastian zu Produkt und seinem Markteintritt zu sagen wusste. Zugegeben, seine Ausf\u00fchrungen zur <strong>Wellenfeldsynthese<\/strong>, zu <strong>Binaural und SpatialSound Wave<\/strong> und Ged\u00f6ns und die vielen anderen &#8222;immersiven&#8220; Termini technici habe ich mir zwar als Kassette ins Ohr schieben lassen, aber begeistert hat mich mehr die Sache selbst. &#8222;Immersiv&#8220; ist \u00fcbrigens Sebastians Lieblingswort. Wenn ihr mal mit ihm redet, z\u00e4hlt mal mit, man kann auf 1-2 immersive Nennungen pro Minute kommen. Wenn er gut ist und richtig in Fahrt, k\u00f6nnen es auch 3-5 werden. Ach ja. <strong>&#8222;Fraunhofer&#8220;<\/strong> kann er auch. Die Herren stecken technisch hinter der Wellenfeldsache.<\/p>\n<figure id=\"attachment_868\" aria-describedby=\"caption-attachment-868\" style=\"width: 994px\" class=\"wp-caption alignnone\"><a href=\"https:\/\/schwarzer.de\/blog\/wp-content\/uploads\/2018\/04\/South-by-Southwest-Austin-Texas.jpg\"><img class=\"size-full wp-image-868\" src=\"https:\/\/schwarzer.de\/blog\/wp-content\/uploads\/2018\/04\/South-by-Southwest-Austin-Texas.jpg\" alt=\"Auf der South by Southwest in Austin\/Texas mischen die MediaApes die Branche kr\u00e4ftig auf. Wir berichten in K\u00fcrze im Detail. (#1)\" width=\"994\" height=\"440\" srcset=\"https:\/\/schwarzer.de\/blog\/wp-content\/uploads\/2018\/04\/South-by-Southwest-Austin-Texas.jpg 994w, https:\/\/schwarzer.de\/blog\/wp-content\/uploads\/2018\/04\/South-by-Southwest-Austin-Texas-300x133.jpg 300w, https:\/\/schwarzer.de\/blog\/wp-content\/uploads\/2018\/04\/South-by-Southwest-Austin-Texas-768x340.jpg 768w\" sizes=\"(max-width: 994px) 100vw, 994px\" \/><\/a><figcaption id=\"caption-attachment-868\" class=\"wp-caption-text\">Auf der South by Southwest in Austin\/Texas mischen die MediaApes die Branche kr\u00e4ftig auf. Wir berichten in K\u00fcrze im Detail. (#1)<\/figcaption><\/figure>\n<p>In USA spricht man mit den Gro\u00dfen der Filmbranche, denn sobald die MediaApes ihr Baby im Markt haben, kann Dolby einpacken. Das habe ich dann recht schnell verstanden. Die Gespr\u00e4che laufen schon, auch auf der <strong>South by Southwest in Austin\/Texas<\/strong>. Von der South by Southwest senden wir \u00fcbrigens auf <a href=\"https:\/\/www.youtube.com\/channel\/UCBcxULTEjSQyz8tibs8gWIw\" target=\"_blank\" rel=\"noopener noreferrer\">unserem YouTube-Channel industryPRESS<\/a> auch in K\u00fcrze den Videobericht, in dem es sehr viel Spannendes zu den MediaApes und zu Neuem aus der Szene zu sehen (und h\u00f6ren) gibt.<\/p>\n<h2>Starting Up: Die ganz sch\u00f6n immersiven MediaApes<\/h2>\n<p><strong>Selbst sind die Affen<\/strong>! So jedenfalls schreiben sie es auf ihrer <a href=\"https:\/\/mediaapes.de\/\" target=\"_blank\" rel=\"noopener noreferrer\">HomePage<\/a>. Wenn ich so gro\u00df vom StartUp t\u00f6ne, dann verschweige ich elegant, dass die Affen aus Neustadt an der Weinstra\u00dfe schon eine ganz sch\u00f6n lange Firmengeschichte aufzuweisen haben. Nein, Newcomer sind sie nicht mehr, aber ihr Baby, das sie hier an den Start gebracht haben, das ist neu und so wie sie in den Markt st\u00fcrmen, ist das verdammt StartUp-like. Da w\u00fcrde sich ein Maschmeyer sicher die Finger nach schlecken. Die Pf\u00e4lzer Affen haben aber genug Branchen-Know-How, um selbst zu wissen, wie der Markt aufzurollen ist und das tun sie auch gerade. Wenn man f\u00fcnf Minuten mit Sebastian dar\u00fcber redet, was die MediaApes alles gerade tun, fragt man sich, wie die Jungs das in den 24h des Tages unterkriegen. Okay, er kann recht schnell reden, aber es ist immer noch ne ganze Menge&#8230;<\/p>\n<figure id=\"attachment_866\" aria-describedby=\"caption-attachment-866\" style=\"width: 1025px\" class=\"wp-caption alignnone\"><a href=\"https:\/\/schwarzer.de\/blog\/wp-content\/uploads\/2018\/04\/Sebastian-Gsuck-MediaApes.jpg\"><img class=\"size-full wp-image-866\" src=\"https:\/\/schwarzer.de\/blog\/wp-content\/uploads\/2018\/04\/Sebastian-Gsuck-MediaApes.jpg\" alt=\"Der ganz sch\u00f6n immersive Sebastian Gsuck von den MediaApes. Wovon spricht er wohl gerade in dieser Filmszene?\" width=\"1025\" height=\"435\" srcset=\"https:\/\/schwarzer.de\/blog\/wp-content\/uploads\/2018\/04\/Sebastian-Gsuck-MediaApes.jpg 1025w, https:\/\/schwarzer.de\/blog\/wp-content\/uploads\/2018\/04\/Sebastian-Gsuck-MediaApes-300x127.jpg 300w, https:\/\/schwarzer.de\/blog\/wp-content\/uploads\/2018\/04\/Sebastian-Gsuck-MediaApes-768x326.jpg 768w, https:\/\/schwarzer.de\/blog\/wp-content\/uploads\/2018\/04\/Sebastian-Gsuck-MediaApes-1024x435.jpg 1024w\" sizes=\"(max-width: 1025px) 100vw, 1025px\" \/><\/a><figcaption id=\"caption-attachment-866\" class=\"wp-caption-text\">Der ganz sch\u00f6n immersive Sebastian Gsuck von den MediaApes. Wovon spricht er wohl gerade in dieser Filmszene?<\/figcaption><\/figure>\n<h2>Gib den Affen Zucker! Oder zumindest ein paar Awards&#8230;<\/h2>\n<p>Hatte ich gesagt, dass die MediaApes auch regelm\u00e4\u00dfig ein paar Awards abr\u00e4umen? Sie sind unter anderem Preistr\u00e4ger des Kreativsonar 2016. Kreativsonar wurde durch das <strong>Ministerium f\u00fcr Wirtschaft Arbeit, Energie und Verkehr des Saarlandes<\/strong> und das <strong>Ministerium f\u00fcr Wirtschaft, Verkehr, Landwirtschaft und Weinbau Rheinland-Pfalz<\/strong> ausgelobt und von der <strong>IMG Innovations-Management Rheinland-Pfalz<\/strong> als Wettbewerb durchgef\u00fchrt. Wer die drei Zungenbrecher von gerade eben erfolgreich \u00fcberstanden hat, der stimme mit mir ein: <strong>Gl\u00fcckwunsch!<\/strong><\/p>\n<p>Zwei aktuelle Awards nennen wir noch nicht, \u00fcber die lassen wir uns in K\u00fcrze detaillierter aus.<\/p>\n<h2>One Year of success<\/h2>\n<p>Dieser Drive ist es auch, der mich begeistert hat. Diesen Drive wollen wir euch ein Jahr lang auf dem digitalen Silbertablett servieren. Im Monatstakt zeigen wir, was die Affen auf die Beine gestellt haben. <strong>Wer selbst StartUp ist<\/strong>, kann sich da ne Scheibe von abschneiden. <strong>Wer kein StartUp mehr ist<\/strong>, kann sich mal selbst benchmarken, ob er den Markt noch so rocken kann, <strong>wie es die Affen aus Neustadt gerade zelebrieren<\/strong>.<\/p>\n<h2>Das Video da oben und das zweite hier unten<\/h2>\n<p><iframe src=\"https:\/\/www.youtube-nocookie.com\/embed\/wv4pE-hxqGM\" width=\"560\" height=\"315\" frameborder=\"0\" allowfullscreen=\"allowfullscreen\"><\/iframe><\/p>\n<p>Wir sind den Affen nat\u00fcrlich auf den Pelz ger\u00fcckt und wollten das Eine oder Andere recht genau wissen. Die MediaApes haben dann f\u00fcr uns ne &#8222;kleine&#8220; Show inszeniert und uns in einer megagro\u00dfen Halle mal die volle 3D-Dr\u00f6hnung verpasst. Da h\u00f6rst du echt, dass die Violine da rechts vorne &#8222;am Tor 2&#8220; spielt. Und wenn du die T\u00fcr aufknarzen h\u00f6rst, drehst du dich nach links, auch wenn du wei\u00dft, dass da eigentlich ein Regal steht. Geile Show, geiles Produkt, geiles Video! Einfach mal reinziehen&#8230;<\/p>\n<p>Stay tuned!<\/p>\n<p>Hans-J\u00fcrgen Schwarzer<\/p>\n<hr \/>\n<p>Bildnachweis: \u00a9 #1 shutterstock &#8211; GSPhotography, alle anderen schwarzer.de<!-- <\/ezTOC> --><\/p>\n","protected":false},"excerpt":{"rendered":"<p>Tschacka! Auf dem 4. Film &amp; Medien Branchentreff Rheinland-Pfalz habe ich die MediaApes kennenlernen d\u00fcrfen. Sebastian Gsuck hat mir dort [&hellip;]<\/p>\n","protected":false},"author":2,"featured_media":852,"comment_status":"closed","ping_status":"open","sticky":false,"template":"","format":"video","meta":[],"categories":[1,373],"tags":[],"features_image":"https:\/\/schwarzer.de\/blog\/wp-content\/uploads\/2018\/04\/mediaapes-die-volle-droehnung.jpg","rk_cat":null,"rk_date":"16.04.2018","yoast_head":"<!-- This site is optimized with the Yoast SEO plugin v18.1 - https:\/\/yoast.com\/wordpress\/plugins\/seo\/ -->\n<title>MediaApes: Die volle Dr\u00f6hnung! - Schwarzer.de Blog<\/title>\n<meta name=\"robots\" content=\"index, follow, max-snippet:-1, max-image-preview:large, max-video-preview:-1\" \/>\n<link rel=\"canonical\" href=\"https:\/\/schwarzer.de\/blog\/mediaapes-die-volle-droehnung\/\" \/>\n<meta property=\"og:locale\" content=\"de_DE\" \/>\n<meta property=\"og:type\" content=\"article\" \/>\n<meta property=\"og:title\" content=\"MediaApes: Die volle Dr\u00f6hnung! - Schwarzer.de Blog\" \/>\n<meta property=\"og:description\" content=\"Tschacka! Auf dem 4. Film &amp; Medien Branchentreff Rheinland-Pfalz habe ich die MediaApes kennenlernen d\u00fcrfen. Sebastian Gsuck hat mir dort [&hellip;]\" \/>\n<meta property=\"og:url\" content=\"https:\/\/schwarzer.de\/blog\/mediaapes-die-volle-droehnung\/\" \/>\n<meta property=\"og:site_name\" content=\"Schwarzer.de Blog\" \/>\n<meta property=\"article:published_time\" content=\"2018-04-16T04:00:06+00:00\" \/>\n<meta property=\"article:modified_time\" content=\"2023-12-22T10:35:35+00:00\" \/>\n<meta property=\"og:image\" content=\"https:\/\/schwarzer.de\/blog\/wp-content\/uploads\/2018\/04\/mediaapes-die-volle-droehnung.jpg\" \/>\n\t<meta property=\"og:image:width\" content=\"700\" \/>\n\t<meta property=\"og:image:height\" content=\"335\" \/>\n\t<meta property=\"og:image:type\" content=\"image\/jpeg\" \/>\n<meta name=\"twitter:card\" content=\"summary_large_image\" \/>\n<meta name=\"twitter:label1\" content=\"Geschrieben von\" \/>\n\t<meta name=\"twitter:data1\" content=\"Hans-J\u00fcrgen Schwarzer\" \/>\n\t<meta name=\"twitter:label2\" content=\"Gesch\u00e4tzte Lesezeit\" \/>\n\t<meta name=\"twitter:data2\" content=\"4 Minuten\" \/>\n<script type=\"application\/ld+json\" class=\"yoast-schema-graph\">{\"@context\":\"https:\/\/schema.org\",\"@graph\":[{\"@type\":\"WebSite\",\"@id\":\"https:\/\/schwarzer.de\/blog\/#website\",\"url\":\"https:\/\/schwarzer.de\/blog\/\",\"name\":\"Schwarzer.de Blog\",\"description\":\"\",\"potentialAction\":[{\"@type\":\"SearchAction\",\"target\":{\"@type\":\"EntryPoint\",\"urlTemplate\":\"https:\/\/schwarzer.de\/blog\/?s={search_term_string}\"},\"query-input\":\"required name=search_term_string\"}],\"inLanguage\":\"de-DE\"},{\"@type\":\"ImageObject\",\"@id\":\"https:\/\/schwarzer.de\/blog\/mediaapes-die-volle-droehnung\/#primaryimage\",\"inLanguage\":\"de-DE\",\"url\":\"https:\/\/schwarzer.de\/blog\/wp-content\/uploads\/2018\/04\/mediaapes-die-volle-droehnung.jpg\",\"contentUrl\":\"https:\/\/schwarzer.de\/blog\/wp-content\/uploads\/2018\/04\/mediaapes-die-volle-droehnung.jpg\",\"width\":700,\"height\":335,\"caption\":\"MediaApes: Die volle Dr\u00f6hnung!\"},{\"@type\":\"WebPage\",\"@id\":\"https:\/\/schwarzer.de\/blog\/mediaapes-die-volle-droehnung\/#webpage\",\"url\":\"https:\/\/schwarzer.de\/blog\/mediaapes-die-volle-droehnung\/\",\"name\":\"MediaApes: Die volle Dr\u00f6hnung! - Schwarzer.de Blog\",\"isPartOf\":{\"@id\":\"https:\/\/schwarzer.de\/blog\/#website\"},\"primaryImageOfPage\":{\"@id\":\"https:\/\/schwarzer.de\/blog\/mediaapes-die-volle-droehnung\/#primaryimage\"},\"datePublished\":\"2018-04-16T04:00:06+00:00\",\"dateModified\":\"2023-12-22T10:35:35+00:00\",\"author\":{\"@id\":\"https:\/\/schwarzer.de\/blog\/#\/schema\/person\/b4ffeb0c116fc217c80baefd49bc381a\"},\"breadcrumb\":{\"@id\":\"https:\/\/schwarzer.de\/blog\/mediaapes-die-volle-droehnung\/#breadcrumb\"},\"inLanguage\":\"de-DE\",\"potentialAction\":[{\"@type\":\"ReadAction\",\"target\":[\"https:\/\/schwarzer.de\/blog\/mediaapes-die-volle-droehnung\/\"]}]},{\"@type\":\"BreadcrumbList\",\"@id\":\"https:\/\/schwarzer.de\/blog\/mediaapes-die-volle-droehnung\/#breadcrumb\",\"itemListElement\":[{\"@type\":\"ListItem\",\"position\":1,\"name\":\"Startseite\",\"item\":\"https:\/\/schwarzer.de\/blog\/\"},{\"@type\":\"ListItem\",\"position\":2,\"name\":\"MediaApes: Die volle Dr\u00f6hnung!\"}]},{\"@type\":\"Person\",\"@id\":\"https:\/\/schwarzer.de\/blog\/#\/schema\/person\/b4ffeb0c116fc217c80baefd49bc381a\",\"name\":\"Hans-J\u00fcrgen Schwarzer\",\"image\":{\"@type\":\"ImageObject\",\"@id\":\"https:\/\/schwarzer.de\/blog\/#personlogo\",\"inLanguage\":\"de-DE\",\"url\":\"https:\/\/secure.gravatar.com\/avatar\/64690c1ea3ab46fac7afd4778bc78364?s=96&d=mm&r=g\",\"contentUrl\":\"https:\/\/secure.gravatar.com\/avatar\/64690c1ea3ab46fac7afd4778bc78364?s=96&d=mm&r=g\",\"caption\":\"Hans-J\u00fcrgen Schwarzer\"},\"description\":\"Hans-J\u00fcrgen Schwarzer leitet die Digital-Agentur schwarzer.de software + internet gmbh. Als Unternehmer und Verleger in Personalunion wie auch als leidenschaftlicher Blogger geh\u00f6rt er zu den Hauptautoren verschiedener Online-Magazine. Innerhalb seiner breiten Palette an Themen liegen dem Mainzer Lokalpatrioten dabei vermeintlich \u201eschr\u00e4ge\u201c Ideen und technische Novit\u00e4ten besonders am Herzen - Nerdstuff, wie es heute hei\u00dft.\",\"url\":\"#\"}]}<\/script>\n<!-- \/ Yoast SEO plugin. -->","yoast_head_json":{"title":"MediaApes: Die volle Dr\u00f6hnung! - Schwarzer.de Blog","robots":{"index":"index","follow":"follow","max-snippet":"max-snippet:-1","max-image-preview":"max-image-preview:large","max-video-preview":"max-video-preview:-1"},"canonical":"https:\/\/schwarzer.de\/blog\/mediaapes-die-volle-droehnung\/","og_locale":"de_DE","og_type":"article","og_title":"MediaApes: Die volle Dr\u00f6hnung! - Schwarzer.de Blog","og_description":"Tschacka! Auf dem 4. Film &amp; Medien Branchentreff Rheinland-Pfalz habe ich die MediaApes kennenlernen d\u00fcrfen. Sebastian Gsuck hat mir dort [&hellip;]","og_url":"https:\/\/schwarzer.de\/blog\/mediaapes-die-volle-droehnung\/","og_site_name":"Schwarzer.de Blog","article_published_time":"2018-04-16T04:00:06+00:00","article_modified_time":"2023-12-22T10:35:35+00:00","og_image":[{"width":700,"height":335,"url":"https:\/\/schwarzer.de\/blog\/wp-content\/uploads\/2018\/04\/mediaapes-die-volle-droehnung.jpg","type":"image\/jpeg"}],"twitter_card":"summary_large_image","twitter_misc":{"Geschrieben von":"Hans-J\u00fcrgen Schwarzer","Gesch\u00e4tzte Lesezeit":"4 Minuten"},"schema":{"@context":"https:\/\/schema.org","@graph":[{"@type":"WebSite","@id":"https:\/\/schwarzer.de\/blog\/#website","url":"https:\/\/schwarzer.de\/blog\/","name":"Schwarzer.de Blog","description":"","potentialAction":[{"@type":"SearchAction","target":{"@type":"EntryPoint","urlTemplate":"https:\/\/schwarzer.de\/blog\/?s={search_term_string}"},"query-input":"required name=search_term_string"}],"inLanguage":"de-DE"},{"@type":"ImageObject","@id":"https:\/\/schwarzer.de\/blog\/mediaapes-die-volle-droehnung\/#primaryimage","inLanguage":"de-DE","url":"https:\/\/schwarzer.de\/blog\/wp-content\/uploads\/2018\/04\/mediaapes-die-volle-droehnung.jpg","contentUrl":"https:\/\/schwarzer.de\/blog\/wp-content\/uploads\/2018\/04\/mediaapes-die-volle-droehnung.jpg","width":700,"height":335,"caption":"MediaApes: Die volle Dr\u00f6hnung!"},{"@type":"WebPage","@id":"https:\/\/schwarzer.de\/blog\/mediaapes-die-volle-droehnung\/#webpage","url":"https:\/\/schwarzer.de\/blog\/mediaapes-die-volle-droehnung\/","name":"MediaApes: Die volle Dr\u00f6hnung! - Schwarzer.de Blog","isPartOf":{"@id":"https:\/\/schwarzer.de\/blog\/#website"},"primaryImageOfPage":{"@id":"https:\/\/schwarzer.de\/blog\/mediaapes-die-volle-droehnung\/#primaryimage"},"datePublished":"2018-04-16T04:00:06+00:00","dateModified":"2023-12-22T10:35:35+00:00","author":{"@id":"https:\/\/schwarzer.de\/blog\/#\/schema\/person\/b4ffeb0c116fc217c80baefd49bc381a"},"breadcrumb":{"@id":"https:\/\/schwarzer.de\/blog\/mediaapes-die-volle-droehnung\/#breadcrumb"},"inLanguage":"de-DE","potentialAction":[{"@type":"ReadAction","target":["https:\/\/schwarzer.de\/blog\/mediaapes-die-volle-droehnung\/"]}]},{"@type":"BreadcrumbList","@id":"https:\/\/schwarzer.de\/blog\/mediaapes-die-volle-droehnung\/#breadcrumb","itemListElement":[{"@type":"ListItem","position":1,"name":"Startseite","item":"https:\/\/schwarzer.de\/blog\/"},{"@type":"ListItem","position":2,"name":"MediaApes: Die volle Dr\u00f6hnung!"}]},{"@type":"Person","@id":"https:\/\/schwarzer.de\/blog\/#\/schema\/person\/b4ffeb0c116fc217c80baefd49bc381a","name":"Hans-J\u00fcrgen Schwarzer","image":{"@type":"ImageObject","@id":"https:\/\/schwarzer.de\/blog\/#personlogo","inLanguage":"de-DE","url":"https:\/\/secure.gravatar.com\/avatar\/64690c1ea3ab46fac7afd4778bc78364?s=96&d=mm&r=g","contentUrl":"https:\/\/secure.gravatar.com\/avatar\/64690c1ea3ab46fac7afd4778bc78364?s=96&d=mm&r=g","caption":"Hans-J\u00fcrgen Schwarzer"},"description":"Hans-J\u00fcrgen Schwarzer leitet die Digital-Agentur schwarzer.de software + internet gmbh. Als Unternehmer und Verleger in Personalunion wie auch als leidenschaftlicher Blogger geh\u00f6rt er zu den Hauptautoren verschiedener Online-Magazine. Innerhalb seiner breiten Palette an Themen liegen dem Mainzer Lokalpatrioten dabei vermeintlich \u201eschr\u00e4ge\u201c Ideen und technische Novit\u00e4ten besonders am Herzen - Nerdstuff, wie es heute hei\u00dft.","url":"#"}]}},"_links":{"self":[{"href":"https:\/\/schwarzer.de\/blog\/wp-json\/wp\/v2\/posts\/850"}],"collection":[{"href":"https:\/\/schwarzer.de\/blog\/wp-json\/wp\/v2\/posts"}],"about":[{"href":"https:\/\/schwarzer.de\/blog\/wp-json\/wp\/v2\/types\/post"}],"author":[{"embeddable":true,"href":"https:\/\/schwarzer.de\/blog\/wp-json\/wp\/v2\/users\/2"}],"replies":[{"embeddable":true,"href":"https:\/\/schwarzer.de\/blog\/wp-json\/wp\/v2\/comments?post=850"}],"version-history":[{"count":21,"href":"https:\/\/schwarzer.de\/blog\/wp-json\/wp\/v2\/posts\/850\/revisions"}],"predecessor-version":[{"id":1737,"href":"https:\/\/schwarzer.de\/blog\/wp-json\/wp\/v2\/posts\/850\/revisions\/1737"}],"wp:featuredmedia":[{"embeddable":true,"href":"https:\/\/schwarzer.de\/blog\/wp-json\/wp\/v2\/media\/852"}],"wp:attachment":[{"href":"https:\/\/schwarzer.de\/blog\/wp-json\/wp\/v2\/media?parent=850"}],"wp:term":[{"taxonomy":"category","embeddable":true,"href":"https:\/\/schwarzer.de\/blog\/wp-json\/wp\/v2\/categories?post=850"},{"taxonomy":"post_tag","embeddable":true,"href":"https:\/\/schwarzer.de\/blog\/wp-json\/wp\/v2\/tags?post=850"}],"curies":[{"name":"wp","href":"https:\/\/api.w.org\/{rel}","templated":true}]}}