{"id":655,"date":"2017-03-13T08:00:45","date_gmt":"2017-03-13T06:00:45","guid":{"rendered":"https:\/\/schwarzer.de\/blog\/?p=655"},"modified":"2020-09-15T14:13:07","modified_gmt":"2020-09-15T12:13:07","slug":"gratulation-typ-zwo-digital-geht-24-maerz-den-start","status":"publish","type":"post","link":"https:\/\/schwarzer.de\/blog\/gratulation-typ-zwo-digital-geht-24-maerz-den-start\/","title":{"rendered":"Gratulation: typ zwo digital geht am 24. M\u00e4rz an den Start"},"content":{"rendered":"<p><!-- <ezTOC> -->Am 24. M\u00e4rz ist es soweit. Basti startet in Worms seine Agentur. Wir dr\u00fccken die Daumen f\u00fcr einen fulminanten Start und feiern beim Event mit. Und wo es geht, schieben wir mit an.<br \/>\n<!--more--><\/p>\n<h2>typ zwo digital GmbH &amp; Co. KG<\/h2>\n<p>So isset. Basti hat schon l\u00e4nger an dieser Ausgr\u00fcndung gearbeitet und sein Team aufgestellt. Und nat\u00fcrlich haben erstmal die anstehenden Projekte abgearbeitet werden m\u00fcssen. Da war ans Feiern noch nicht zu denken. Aber jetzt war es endlich soweit und Basti und seine Jungs haben die Gelegenheit beim Schopfe ergriffen und ein Fass aufgemacht.<\/p>\n<p>Das wollen wir uns mal nicht entgehen lassen und Basti und sein Team wiedertreffen. Brot und Salz sind schon eingepackt. Man wird berichten.<\/p>\n<hr \/>\n<p>Bildnachweis: \u00a9 Titelbild typ zwo digital GmbH &amp; Co. KG<!-- <\/ezTOC> --><\/p>\n","protected":false},"excerpt":{"rendered":"<p>Am 24. M\u00e4rz ist es soweit. Basti startet in Worms seine Agentur. Wir dr\u00fccken die Daumen f\u00fcr einen fulminanten Start [&hellip;]<\/p>\n","protected":false},"author":2,"featured_media":657,"comment_status":"closed","ping_status":"open","sticky":false,"template":"","format":"standard","meta":[],"categories":[373],"tags":[],"features_image":"https:\/\/schwarzer.de\/blog\/wp-content\/uploads\/2017\/03\/typ-zwo-DIGITAL-GmbH-Co-KG.jpg","rk_cat":null,"rk_date":"13.03.2017","yoast_head":"<!-- This site is optimized with the Yoast SEO plugin v18.1 - https:\/\/yoast.com\/wordpress\/plugins\/seo\/ -->\n<title>Gratulation: typ zwo digital geht am 24. M\u00e4rz an den Start - Schwarzer.de Blog<\/title>\n<meta name=\"robots\" content=\"index, follow, max-snippet:-1, max-image-preview:large, max-video-preview:-1\" \/>\n<link rel=\"canonical\" href=\"https:\/\/schwarzer.de\/blog\/gratulation-typ-zwo-digital-geht-24-maerz-den-start\/\" \/>\n<meta property=\"og:locale\" content=\"de_DE\" \/>\n<meta property=\"og:type\" content=\"article\" \/>\n<meta property=\"og:title\" content=\"Gratulation: typ zwo digital geht am 24. M\u00e4rz an den Start - Schwarzer.de Blog\" \/>\n<meta property=\"og:description\" content=\"Am 24. M\u00e4rz ist es soweit. Basti startet in Worms seine Agentur. Wir dr\u00fccken die Daumen f\u00fcr einen fulminanten Start [&hellip;]\" \/>\n<meta property=\"og:url\" content=\"https:\/\/schwarzer.de\/blog\/gratulation-typ-zwo-digital-geht-24-maerz-den-start\/\" \/>\n<meta property=\"og:site_name\" content=\"Schwarzer.de Blog\" \/>\n<meta property=\"article:published_time\" content=\"2017-03-13T06:00:45+00:00\" \/>\n<meta property=\"article:modified_time\" content=\"2020-09-15T12:13:07+00:00\" \/>\n<meta property=\"og:image\" content=\"https:\/\/schwarzer.de\/blog\/wp-content\/uploads\/2017\/03\/typ-zwo-DIGITAL-GmbH-Co-KG.jpg\" \/>\n\t<meta property=\"og:image:width\" content=\"700\" \/>\n\t<meta property=\"og:image:height\" content=\"335\" \/>\n\t<meta property=\"og:image:type\" content=\"image\/jpeg\" \/>\n<meta name=\"twitter:card\" content=\"summary_large_image\" \/>\n<meta name=\"twitter:label1\" content=\"Geschrieben von\" \/>\n\t<meta name=\"twitter:data1\" content=\"Hans-J\u00fcrgen Schwarzer\" \/>\n\t<meta name=\"twitter:label2\" content=\"Gesch\u00e4tzte Lesezeit\" \/>\n\t<meta name=\"twitter:data2\" content=\"1 Minute\" \/>\n<script type=\"application\/ld+json\" class=\"yoast-schema-graph\">{\"@context\":\"https:\/\/schema.org\",\"@graph\":[{\"@type\":\"WebSite\",\"@id\":\"https:\/\/schwarzer.de\/blog\/#website\",\"url\":\"https:\/\/schwarzer.de\/blog\/\",\"name\":\"Schwarzer.de Blog\",\"description\":\"\",\"potentialAction\":[{\"@type\":\"SearchAction\",\"target\":{\"@type\":\"EntryPoint\",\"urlTemplate\":\"https:\/\/schwarzer.de\/blog\/?s={search_term_string}\"},\"query-input\":\"required name=search_term_string\"}],\"inLanguage\":\"de-DE\"},{\"@type\":\"ImageObject\",\"@id\":\"https:\/\/schwarzer.de\/blog\/gratulation-typ-zwo-digital-geht-24-maerz-den-start\/#primaryimage\",\"inLanguage\":\"de-DE\",\"url\":\"https:\/\/schwarzer.de\/blog\/wp-content\/uploads\/2017\/03\/typ-zwo-DIGITAL-GmbH-Co-KG.jpg\",\"contentUrl\":\"https:\/\/schwarzer.de\/blog\/wp-content\/uploads\/2017\/03\/typ-zwo-DIGITAL-GmbH-Co-KG.jpg\",\"width\":700,\"height\":335,\"caption\":\"Gratulation: typ zwo digital geht am 24. M\u00e4rz an den Start\"},{\"@type\":\"WebPage\",\"@id\":\"https:\/\/schwarzer.de\/blog\/gratulation-typ-zwo-digital-geht-24-maerz-den-start\/#webpage\",\"url\":\"https:\/\/schwarzer.de\/blog\/gratulation-typ-zwo-digital-geht-24-maerz-den-start\/\",\"name\":\"Gratulation: typ zwo digital geht am 24. M\u00e4rz an den Start - Schwarzer.de Blog\",\"isPartOf\":{\"@id\":\"https:\/\/schwarzer.de\/blog\/#website\"},\"primaryImageOfPage\":{\"@id\":\"https:\/\/schwarzer.de\/blog\/gratulation-typ-zwo-digital-geht-24-maerz-den-start\/#primaryimage\"},\"datePublished\":\"2017-03-13T06:00:45+00:00\",\"dateModified\":\"2020-09-15T12:13:07+00:00\",\"author\":{\"@id\":\"https:\/\/schwarzer.de\/blog\/#\/schema\/person\/b4ffeb0c116fc217c80baefd49bc381a\"},\"breadcrumb\":{\"@id\":\"https:\/\/schwarzer.de\/blog\/gratulation-typ-zwo-digital-geht-24-maerz-den-start\/#breadcrumb\"},\"inLanguage\":\"de-DE\",\"potentialAction\":[{\"@type\":\"ReadAction\",\"target\":[\"https:\/\/schwarzer.de\/blog\/gratulation-typ-zwo-digital-geht-24-maerz-den-start\/\"]}]},{\"@type\":\"BreadcrumbList\",\"@id\":\"https:\/\/schwarzer.de\/blog\/gratulation-typ-zwo-digital-geht-24-maerz-den-start\/#breadcrumb\",\"itemListElement\":[{\"@type\":\"ListItem\",\"position\":1,\"name\":\"Startseite\",\"item\":\"https:\/\/schwarzer.de\/blog\/\"},{\"@type\":\"ListItem\",\"position\":2,\"name\":\"Gratulation: typ zwo digital geht am 24. M\u00e4rz an den Start\"}]},{\"@type\":\"Person\",\"@id\":\"https:\/\/schwarzer.de\/blog\/#\/schema\/person\/b4ffeb0c116fc217c80baefd49bc381a\",\"name\":\"Hans-J\u00fcrgen Schwarzer\",\"image\":{\"@type\":\"ImageObject\",\"@id\":\"https:\/\/schwarzer.de\/blog\/#personlogo\",\"inLanguage\":\"de-DE\",\"url\":\"https:\/\/secure.gravatar.com\/avatar\/64690c1ea3ab46fac7afd4778bc78364?s=96&d=mm&r=g\",\"contentUrl\":\"https:\/\/secure.gravatar.com\/avatar\/64690c1ea3ab46fac7afd4778bc78364?s=96&d=mm&r=g\",\"caption\":\"Hans-J\u00fcrgen Schwarzer\"},\"description\":\"Hans-J\u00fcrgen Schwarzer leitet die Digital-Agentur schwarzer.de software + internet gmbh. Als Unternehmer und Verleger in Personalunion wie auch als leidenschaftlicher Blogger geh\u00f6rt er zu den Hauptautoren verschiedener Online-Magazine. Innerhalb seiner breiten Palette an Themen liegen dem Mainzer Lokalpatrioten dabei vermeintlich \u201eschr\u00e4ge\u201c Ideen und technische Novit\u00e4ten besonders am Herzen - Nerdstuff, wie es heute hei\u00dft.\",\"url\":\"#\"}]}<\/script>\n<!-- \/ Yoast SEO plugin. -->","yoast_head_json":{"title":"Gratulation: typ zwo digital geht am 24. M\u00e4rz an den Start - Schwarzer.de Blog","robots":{"index":"index","follow":"follow","max-snippet":"max-snippet:-1","max-image-preview":"max-image-preview:large","max-video-preview":"max-video-preview:-1"},"canonical":"https:\/\/schwarzer.de\/blog\/gratulation-typ-zwo-digital-geht-24-maerz-den-start\/","og_locale":"de_DE","og_type":"article","og_title":"Gratulation: typ zwo digital geht am 24. M\u00e4rz an den Start - Schwarzer.de Blog","og_description":"Am 24. M\u00e4rz ist es soweit. Basti startet in Worms seine Agentur. Wir dr\u00fccken die Daumen f\u00fcr einen fulminanten Start [&hellip;]","og_url":"https:\/\/schwarzer.de\/blog\/gratulation-typ-zwo-digital-geht-24-maerz-den-start\/","og_site_name":"Schwarzer.de Blog","article_published_time":"2017-03-13T06:00:45+00:00","article_modified_time":"2020-09-15T12:13:07+00:00","og_image":[{"width":700,"height":335,"url":"https:\/\/schwarzer.de\/blog\/wp-content\/uploads\/2017\/03\/typ-zwo-DIGITAL-GmbH-Co-KG.jpg","type":"image\/jpeg"}],"twitter_card":"summary_large_image","twitter_misc":{"Geschrieben von":"Hans-J\u00fcrgen Schwarzer","Gesch\u00e4tzte Lesezeit":"1 Minute"},"schema":{"@context":"https:\/\/schema.org","@graph":[{"@type":"WebSite","@id":"https:\/\/schwarzer.de\/blog\/#website","url":"https:\/\/schwarzer.de\/blog\/","name":"Schwarzer.de Blog","description":"","potentialAction":[{"@type":"SearchAction","target":{"@type":"EntryPoint","urlTemplate":"https:\/\/schwarzer.de\/blog\/?s={search_term_string}"},"query-input":"required name=search_term_string"}],"inLanguage":"de-DE"},{"@type":"ImageObject","@id":"https:\/\/schwarzer.de\/blog\/gratulation-typ-zwo-digital-geht-24-maerz-den-start\/#primaryimage","inLanguage":"de-DE","url":"https:\/\/schwarzer.de\/blog\/wp-content\/uploads\/2017\/03\/typ-zwo-DIGITAL-GmbH-Co-KG.jpg","contentUrl":"https:\/\/schwarzer.de\/blog\/wp-content\/uploads\/2017\/03\/typ-zwo-DIGITAL-GmbH-Co-KG.jpg","width":700,"height":335,"caption":"Gratulation: typ zwo digital geht am 24. M\u00e4rz an den Start"},{"@type":"WebPage","@id":"https:\/\/schwarzer.de\/blog\/gratulation-typ-zwo-digital-geht-24-maerz-den-start\/#webpage","url":"https:\/\/schwarzer.de\/blog\/gratulation-typ-zwo-digital-geht-24-maerz-den-start\/","name":"Gratulation: typ zwo digital geht am 24. M\u00e4rz an den Start - Schwarzer.de Blog","isPartOf":{"@id":"https:\/\/schwarzer.de\/blog\/#website"},"primaryImageOfPage":{"@id":"https:\/\/schwarzer.de\/blog\/gratulation-typ-zwo-digital-geht-24-maerz-den-start\/#primaryimage"},"datePublished":"2017-03-13T06:00:45+00:00","dateModified":"2020-09-15T12:13:07+00:00","author":{"@id":"https:\/\/schwarzer.de\/blog\/#\/schema\/person\/b4ffeb0c116fc217c80baefd49bc381a"},"breadcrumb":{"@id":"https:\/\/schwarzer.de\/blog\/gratulation-typ-zwo-digital-geht-24-maerz-den-start\/#breadcrumb"},"inLanguage":"de-DE","potentialAction":[{"@type":"ReadAction","target":["https:\/\/schwarzer.de\/blog\/gratulation-typ-zwo-digital-geht-24-maerz-den-start\/"]}]},{"@type":"BreadcrumbList","@id":"https:\/\/schwarzer.de\/blog\/gratulation-typ-zwo-digital-geht-24-maerz-den-start\/#breadcrumb","itemListElement":[{"@type":"ListItem","position":1,"name":"Startseite","item":"https:\/\/schwarzer.de\/blog\/"},{"@type":"ListItem","position":2,"name":"Gratulation: typ zwo digital geht am 24. M\u00e4rz an den Start"}]},{"@type":"Person","@id":"https:\/\/schwarzer.de\/blog\/#\/schema\/person\/b4ffeb0c116fc217c80baefd49bc381a","name":"Hans-J\u00fcrgen Schwarzer","image":{"@type":"ImageObject","@id":"https:\/\/schwarzer.de\/blog\/#personlogo","inLanguage":"de-DE","url":"https:\/\/secure.gravatar.com\/avatar\/64690c1ea3ab46fac7afd4778bc78364?s=96&d=mm&r=g","contentUrl":"https:\/\/secure.gravatar.com\/avatar\/64690c1ea3ab46fac7afd4778bc78364?s=96&d=mm&r=g","caption":"Hans-J\u00fcrgen Schwarzer"},"description":"Hans-J\u00fcrgen Schwarzer leitet die Digital-Agentur schwarzer.de software + internet gmbh. Als Unternehmer und Verleger in Personalunion wie auch als leidenschaftlicher Blogger geh\u00f6rt er zu den Hauptautoren verschiedener Online-Magazine. Innerhalb seiner breiten Palette an Themen liegen dem Mainzer Lokalpatrioten dabei vermeintlich \u201eschr\u00e4ge\u201c Ideen und technische Novit\u00e4ten besonders am Herzen - Nerdstuff, wie es heute hei\u00dft.","url":"#"}]}},"_links":{"self":[{"href":"https:\/\/schwarzer.de\/blog\/wp-json\/wp\/v2\/posts\/655"}],"collection":[{"href":"https:\/\/schwarzer.de\/blog\/wp-json\/wp\/v2\/posts"}],"about":[{"href":"https:\/\/schwarzer.de\/blog\/wp-json\/wp\/v2\/types\/post"}],"author":[{"embeddable":true,"href":"https:\/\/schwarzer.de\/blog\/wp-json\/wp\/v2\/users\/2"}],"replies":[{"embeddable":true,"href":"https:\/\/schwarzer.de\/blog\/wp-json\/wp\/v2\/comments?post=655"}],"version-history":[{"count":7,"href":"https:\/\/schwarzer.de\/blog\/wp-json\/wp\/v2\/posts\/655\/revisions"}],"predecessor-version":[{"id":1289,"href":"https:\/\/schwarzer.de\/blog\/wp-json\/wp\/v2\/posts\/655\/revisions\/1289"}],"wp:featuredmedia":[{"embeddable":true,"href":"https:\/\/schwarzer.de\/blog\/wp-json\/wp\/v2\/media\/657"}],"wp:attachment":[{"href":"https:\/\/schwarzer.de\/blog\/wp-json\/wp\/v2\/media?parent=655"}],"wp:term":[{"taxonomy":"category","embeddable":true,"href":"https:\/\/schwarzer.de\/blog\/wp-json\/wp\/v2\/categories?post=655"},{"taxonomy":"post_tag","embeddable":true,"href":"https:\/\/schwarzer.de\/blog\/wp-json\/wp\/v2\/tags?post=655"}],"curies":[{"name":"wp","href":"https:\/\/api.w.org\/{rel}","templated":true}]}}