{"id":652,"date":"2017-03-06T08:00:43","date_gmt":"2017-03-06T06:00:43","guid":{"rendered":"https:\/\/schwarzer.de\/blog\/?p=652"},"modified":"2020-09-15T14:14:50","modified_gmt":"2020-09-15T12:14:50","slug":"work-party-man-trifft-sich-im-gebirg","status":"publish","type":"post","link":"https:\/\/schwarzer.de\/blog\/work-party-man-trifft-sich-im-gebirg\/","title":{"rendered":"After Work Party: man trifft sich &#8222;im Gebirg&#8220;"},"content":{"rendered":"<p><!-- <ezTOC> -->Eigentlich wollten wir ja dieses Mal im fernen Frankfurt das Chicago Meat Packers unsicher machen. Aber dann hat es die Mainzer doch zur heimischen Scholle hingezogen. Im M\u00e4rz treffen wir uns im &#8222;Zum Gebirg&#8220; am Rande der Mainzer Altstadt.<br \/>\n<!--more--><\/p>\n<h2>Save the date: 22.03.2017 um 18:00 Uhr<\/h2>\n<p>Wer uns mal ganz ohne Kamera, Bleistift, Maus und Tastatur erleben will, sollte vielleicht am 22. M\u00e4rz einfach mal im Gebirg reinschauen. Das lohnt sich dann gleich doppelt, denn die dortige K\u00fcche kann man nur w\u00e4rmstens empfehlen. Hier mal gleich die Map f\u00fcr Interessierte.<\/p>\n<p><iframe style=\"border: 0;\" src=\"https:\/\/www.google.com\/maps\/embed?pb=!1m18!1m12!1m3!1d2564.8807275389463!2d8.266760715714907!3d49.9948455794151!2m3!1f0!2f0!3f0!3m2!1i1024!2i768!4f13.1!3m3!1m2!1s0x47bd971ece4aef83%3A0x5fe587b8bb6cac5!2sZum+Gebirg!5e0!3m2!1sde!2sde!4v1489250504852\" width=\"600\" height=\"450\" frameborder=\"0\" allowfullscreen=\"allowfullscreen\"><\/iframe><!-- <\/ezTOC> --><\/p>\n","protected":false},"excerpt":{"rendered":"<p>Eigentlich wollten wir ja dieses Mal im fernen Frankfurt das Chicago Meat Packers unsicher machen. Aber dann hat es die [&hellip;]<\/p>\n","protected":false},"author":2,"featured_media":653,"comment_status":"closed","ping_status":"open","sticky":false,"template":"","format":"standard","meta":[],"categories":[372],"tags":[],"features_image":"https:\/\/schwarzer.de\/blog\/wp-content\/uploads\/2017\/03\/afterwork-party-zum-gebirg.jpg","rk_cat":null,"rk_date":"06.03.2017","yoast_head":"<!-- This site is optimized with the Yoast SEO plugin v18.1 - https:\/\/yoast.com\/wordpress\/plugins\/seo\/ -->\n<title>After Work Party: man trifft sich &quot;im Gebirg&quot; - Schwarzer.de Blog<\/title>\n<meta name=\"robots\" content=\"index, follow, max-snippet:-1, max-image-preview:large, max-video-preview:-1\" \/>\n<link rel=\"canonical\" href=\"https:\/\/schwarzer.de\/blog\/work-party-man-trifft-sich-im-gebirg\/\" \/>\n<meta property=\"og:locale\" content=\"de_DE\" \/>\n<meta property=\"og:type\" content=\"article\" \/>\n<meta property=\"og:title\" content=\"After Work Party: man trifft sich &quot;im Gebirg&quot; - Schwarzer.de Blog\" \/>\n<meta property=\"og:description\" content=\"Eigentlich wollten wir ja dieses Mal im fernen Frankfurt das Chicago Meat Packers unsicher machen. Aber dann hat es die [&hellip;]\" \/>\n<meta property=\"og:url\" content=\"https:\/\/schwarzer.de\/blog\/work-party-man-trifft-sich-im-gebirg\/\" \/>\n<meta property=\"og:site_name\" content=\"Schwarzer.de Blog\" \/>\n<meta property=\"article:published_time\" content=\"2017-03-06T06:00:43+00:00\" \/>\n<meta property=\"article:modified_time\" content=\"2020-09-15T12:14:50+00:00\" \/>\n<meta property=\"og:image\" content=\"https:\/\/schwarzer.de\/blog\/wp-content\/uploads\/2017\/03\/afterwork-party-zum-gebirg.jpg\" \/>\n\t<meta property=\"og:image:width\" content=\"700\" \/>\n\t<meta property=\"og:image:height\" content=\"335\" \/>\n\t<meta property=\"og:image:type\" content=\"image\/jpeg\" \/>\n<meta name=\"twitter:card\" content=\"summary_large_image\" \/>\n<meta name=\"twitter:label1\" content=\"Geschrieben von\" \/>\n\t<meta name=\"twitter:data1\" content=\"Hans-J\u00fcrgen Schwarzer\" \/>\n<script type=\"application\/ld+json\" class=\"yoast-schema-graph\">{\"@context\":\"https:\/\/schema.org\",\"@graph\":[{\"@type\":\"WebSite\",\"@id\":\"https:\/\/schwarzer.de\/blog\/#website\",\"url\":\"https:\/\/schwarzer.de\/blog\/\",\"name\":\"Schwarzer.de Blog\",\"description\":\"\",\"potentialAction\":[{\"@type\":\"SearchAction\",\"target\":{\"@type\":\"EntryPoint\",\"urlTemplate\":\"https:\/\/schwarzer.de\/blog\/?s={search_term_string}\"},\"query-input\":\"required name=search_term_string\"}],\"inLanguage\":\"de-DE\"},{\"@type\":\"ImageObject\",\"@id\":\"https:\/\/schwarzer.de\/blog\/work-party-man-trifft-sich-im-gebirg\/#primaryimage\",\"inLanguage\":\"de-DE\",\"url\":\"https:\/\/schwarzer.de\/blog\/wp-content\/uploads\/2017\/03\/afterwork-party-zum-gebirg.jpg\",\"contentUrl\":\"https:\/\/schwarzer.de\/blog\/wp-content\/uploads\/2017\/03\/afterwork-party-zum-gebirg.jpg\",\"width\":700,\"height\":335,\"caption\":\"After Work Party: man trifft sich \\\"im Gebirg\\\"\"},{\"@type\":\"WebPage\",\"@id\":\"https:\/\/schwarzer.de\/blog\/work-party-man-trifft-sich-im-gebirg\/#webpage\",\"url\":\"https:\/\/schwarzer.de\/blog\/work-party-man-trifft-sich-im-gebirg\/\",\"name\":\"After Work Party: man trifft sich \\\"im Gebirg\\\" - Schwarzer.de Blog\",\"isPartOf\":{\"@id\":\"https:\/\/schwarzer.de\/blog\/#website\"},\"primaryImageOfPage\":{\"@id\":\"https:\/\/schwarzer.de\/blog\/work-party-man-trifft-sich-im-gebirg\/#primaryimage\"},\"datePublished\":\"2017-03-06T06:00:43+00:00\",\"dateModified\":\"2020-09-15T12:14:50+00:00\",\"author\":{\"@id\":\"https:\/\/schwarzer.de\/blog\/#\/schema\/person\/b4ffeb0c116fc217c80baefd49bc381a\"},\"breadcrumb\":{\"@id\":\"https:\/\/schwarzer.de\/blog\/work-party-man-trifft-sich-im-gebirg\/#breadcrumb\"},\"inLanguage\":\"de-DE\",\"potentialAction\":[{\"@type\":\"ReadAction\",\"target\":[\"https:\/\/schwarzer.de\/blog\/work-party-man-trifft-sich-im-gebirg\/\"]}]},{\"@type\":\"BreadcrumbList\",\"@id\":\"https:\/\/schwarzer.de\/blog\/work-party-man-trifft-sich-im-gebirg\/#breadcrumb\",\"itemListElement\":[{\"@type\":\"ListItem\",\"position\":1,\"name\":\"Startseite\",\"item\":\"https:\/\/schwarzer.de\/blog\/\"},{\"@type\":\"ListItem\",\"position\":2,\"name\":\"After Work Party: man trifft sich &#8222;im Gebirg&#8220;\"}]},{\"@type\":\"Person\",\"@id\":\"https:\/\/schwarzer.de\/blog\/#\/schema\/person\/b4ffeb0c116fc217c80baefd49bc381a\",\"name\":\"Hans-J\u00fcrgen Schwarzer\",\"image\":{\"@type\":\"ImageObject\",\"@id\":\"https:\/\/schwarzer.de\/blog\/#personlogo\",\"inLanguage\":\"de-DE\",\"url\":\"https:\/\/secure.gravatar.com\/avatar\/64690c1ea3ab46fac7afd4778bc78364?s=96&d=mm&r=g\",\"contentUrl\":\"https:\/\/secure.gravatar.com\/avatar\/64690c1ea3ab46fac7afd4778bc78364?s=96&d=mm&r=g\",\"caption\":\"Hans-J\u00fcrgen Schwarzer\"},\"description\":\"Hans-J\u00fcrgen Schwarzer leitet die Digital-Agentur schwarzer.de software + internet gmbh. Als Unternehmer und Verleger in Personalunion wie auch als leidenschaftlicher Blogger geh\u00f6rt er zu den Hauptautoren verschiedener Online-Magazine. Innerhalb seiner breiten Palette an Themen liegen dem Mainzer Lokalpatrioten dabei vermeintlich \u201eschr\u00e4ge\u201c Ideen und technische Novit\u00e4ten besonders am Herzen - Nerdstuff, wie es heute hei\u00dft.\",\"url\":\"#\"}]}<\/script>\n<!-- \/ Yoast SEO plugin. -->","yoast_head_json":{"title":"After Work Party: man trifft sich \"im Gebirg\" - Schwarzer.de Blog","robots":{"index":"index","follow":"follow","max-snippet":"max-snippet:-1","max-image-preview":"max-image-preview:large","max-video-preview":"max-video-preview:-1"},"canonical":"https:\/\/schwarzer.de\/blog\/work-party-man-trifft-sich-im-gebirg\/","og_locale":"de_DE","og_type":"article","og_title":"After Work Party: man trifft sich \"im Gebirg\" - Schwarzer.de Blog","og_description":"Eigentlich wollten wir ja dieses Mal im fernen Frankfurt das Chicago Meat Packers unsicher machen. Aber dann hat es die [&hellip;]","og_url":"https:\/\/schwarzer.de\/blog\/work-party-man-trifft-sich-im-gebirg\/","og_site_name":"Schwarzer.de Blog","article_published_time":"2017-03-06T06:00:43+00:00","article_modified_time":"2020-09-15T12:14:50+00:00","og_image":[{"width":700,"height":335,"url":"https:\/\/schwarzer.de\/blog\/wp-content\/uploads\/2017\/03\/afterwork-party-zum-gebirg.jpg","type":"image\/jpeg"}],"twitter_card":"summary_large_image","twitter_misc":{"Geschrieben von":"Hans-J\u00fcrgen Schwarzer"},"schema":{"@context":"https:\/\/schema.org","@graph":[{"@type":"WebSite","@id":"https:\/\/schwarzer.de\/blog\/#website","url":"https:\/\/schwarzer.de\/blog\/","name":"Schwarzer.de Blog","description":"","potentialAction":[{"@type":"SearchAction","target":{"@type":"EntryPoint","urlTemplate":"https:\/\/schwarzer.de\/blog\/?s={search_term_string}"},"query-input":"required name=search_term_string"}],"inLanguage":"de-DE"},{"@type":"ImageObject","@id":"https:\/\/schwarzer.de\/blog\/work-party-man-trifft-sich-im-gebirg\/#primaryimage","inLanguage":"de-DE","url":"https:\/\/schwarzer.de\/blog\/wp-content\/uploads\/2017\/03\/afterwork-party-zum-gebirg.jpg","contentUrl":"https:\/\/schwarzer.de\/blog\/wp-content\/uploads\/2017\/03\/afterwork-party-zum-gebirg.jpg","width":700,"height":335,"caption":"After Work Party: man trifft sich \"im Gebirg\""},{"@type":"WebPage","@id":"https:\/\/schwarzer.de\/blog\/work-party-man-trifft-sich-im-gebirg\/#webpage","url":"https:\/\/schwarzer.de\/blog\/work-party-man-trifft-sich-im-gebirg\/","name":"After Work Party: man trifft sich \"im Gebirg\" - Schwarzer.de Blog","isPartOf":{"@id":"https:\/\/schwarzer.de\/blog\/#website"},"primaryImageOfPage":{"@id":"https:\/\/schwarzer.de\/blog\/work-party-man-trifft-sich-im-gebirg\/#primaryimage"},"datePublished":"2017-03-06T06:00:43+00:00","dateModified":"2020-09-15T12:14:50+00:00","author":{"@id":"https:\/\/schwarzer.de\/blog\/#\/schema\/person\/b4ffeb0c116fc217c80baefd49bc381a"},"breadcrumb":{"@id":"https:\/\/schwarzer.de\/blog\/work-party-man-trifft-sich-im-gebirg\/#breadcrumb"},"inLanguage":"de-DE","potentialAction":[{"@type":"ReadAction","target":["https:\/\/schwarzer.de\/blog\/work-party-man-trifft-sich-im-gebirg\/"]}]},{"@type":"BreadcrumbList","@id":"https:\/\/schwarzer.de\/blog\/work-party-man-trifft-sich-im-gebirg\/#breadcrumb","itemListElement":[{"@type":"ListItem","position":1,"name":"Startseite","item":"https:\/\/schwarzer.de\/blog\/"},{"@type":"ListItem","position":2,"name":"After Work Party: man trifft sich &#8222;im Gebirg&#8220;"}]},{"@type":"Person","@id":"https:\/\/schwarzer.de\/blog\/#\/schema\/person\/b4ffeb0c116fc217c80baefd49bc381a","name":"Hans-J\u00fcrgen Schwarzer","image":{"@type":"ImageObject","@id":"https:\/\/schwarzer.de\/blog\/#personlogo","inLanguage":"de-DE","url":"https:\/\/secure.gravatar.com\/avatar\/64690c1ea3ab46fac7afd4778bc78364?s=96&d=mm&r=g","contentUrl":"https:\/\/secure.gravatar.com\/avatar\/64690c1ea3ab46fac7afd4778bc78364?s=96&d=mm&r=g","caption":"Hans-J\u00fcrgen Schwarzer"},"description":"Hans-J\u00fcrgen Schwarzer leitet die Digital-Agentur schwarzer.de software + internet gmbh. Als Unternehmer und Verleger in Personalunion wie auch als leidenschaftlicher Blogger geh\u00f6rt er zu den Hauptautoren verschiedener Online-Magazine. Innerhalb seiner breiten Palette an Themen liegen dem Mainzer Lokalpatrioten dabei vermeintlich \u201eschr\u00e4ge\u201c Ideen und technische Novit\u00e4ten besonders am Herzen - Nerdstuff, wie es heute hei\u00dft.","url":"#"}]}},"_links":{"self":[{"href":"https:\/\/schwarzer.de\/blog\/wp-json\/wp\/v2\/posts\/652"}],"collection":[{"href":"https:\/\/schwarzer.de\/blog\/wp-json\/wp\/v2\/posts"}],"about":[{"href":"https:\/\/schwarzer.de\/blog\/wp-json\/wp\/v2\/types\/post"}],"author":[{"embeddable":true,"href":"https:\/\/schwarzer.de\/blog\/wp-json\/wp\/v2\/users\/2"}],"replies":[{"embeddable":true,"href":"https:\/\/schwarzer.de\/blog\/wp-json\/wp\/v2\/comments?post=652"}],"version-history":[{"count":3,"href":"https:\/\/schwarzer.de\/blog\/wp-json\/wp\/v2\/posts\/652\/revisions"}],"predecessor-version":[{"id":1290,"href":"https:\/\/schwarzer.de\/blog\/wp-json\/wp\/v2\/posts\/652\/revisions\/1290"}],"wp:featuredmedia":[{"embeddable":true,"href":"https:\/\/schwarzer.de\/blog\/wp-json\/wp\/v2\/media\/653"}],"wp:attachment":[{"href":"https:\/\/schwarzer.de\/blog\/wp-json\/wp\/v2\/media?parent=652"}],"wp:term":[{"taxonomy":"category","embeddable":true,"href":"https:\/\/schwarzer.de\/blog\/wp-json\/wp\/v2\/categories?post=652"},{"taxonomy":"post_tag","embeddable":true,"href":"https:\/\/schwarzer.de\/blog\/wp-json\/wp\/v2\/tags?post=652"}],"curies":[{"name":"wp","href":"https:\/\/api.w.org\/{rel}","templated":true}]}}