{"id":185,"date":"2014-06-23T08:00:10","date_gmt":"2014-06-23T06:00:10","guid":{"rendered":"https:\/\/schwarzer.de\/blog\/?p=185"},"modified":"2020-09-17T15:54:02","modified_gmt":"2020-09-17T13:54:02","slug":"quergedacht-eia-environmental-influenced-advertising","status":"publish","type":"post","link":"https:\/\/schwarzer.de\/blog\/quergedacht-eia-environmental-influenced-advertising\/","title":{"rendered":"Quergedacht I \/\/ EIA \u2013 Environmental Influenced Advertising"},"content":{"rendered":"<p><!-- <ezTOC> --><\/p>\n<h2>Weg von demographischen Mustern hin zu stimmungsabh\u00e4ngigem Marketing<\/h2>\n<p><i><strong>\u2192 Warum nicht Stimmungen nutzen, statt sie zu schaffen?<\/strong><\/i><\/p>\n<p>Wer ist Ihre Zielgruppe? Wie oft fragt man das als Marketing-Mensch seine Kunden? Im Idealfall kommen da dann schon differenzierte Antworten, mit denen man etwas anfangen kann \u2013 meist jedoch eher so etwas wie \u201ealle Frauen ab 35\u201c. An dem Punkt f\u00e4ngt man in der Regel ganz von vorne an. Das ist nat\u00fcrlich unser Job und letztlich auch interessant, dem Kunden aufzuzeigen, wer wirklich an seinen Produkten interessiert ist. Wir versuchen dann, Bed\u00fcrfnisse zu finden, zu verst\u00e4rken und zu befriedigen. Oft geht es auch darum, eben diese Bed\u00fcrfnisse erst zu schaffen. Dazu soll der potenzielle Kunde in eine \u201ekauflaunige\u201c Stimmung versetzt werden, in der er genau das Produkt, was verkauft werden soll, haben m\u00f6chte.<\/p>\n<p>Die Frage ist, ob es nicht auch einfacher geht. Die digitale Vernetzung macht schnelles Reagieren und Koordination ganzer Promoteams m\u00f6glich. Wieso also nicht auch mal die Umweltfaktoren einbeziehen und f\u00fcr sich arbeiten lassen, als selbst in gro\u00dfen Kampagnen zu versuchen, die Massen zu bewegen. Denn was finden die Menschen n\u00fctzlich und interessant? Etwas, das \u00fcberrascht und zum aktuellen Zeitpunkt eine sinnvolle L\u00f6sung zu einem Problem oder Bed\u00fcrfnis anbietet.<\/p>\n<h2>Was kann er damit meinen? Welche Umwelt?<\/h2>\n<p>Umwelt ist alles, was beeinflusst. Vom Wetter, \u00fcber politische Ereignisse hin bis zu pers\u00f6nlichen Erlebnissen. Vereinfacht gesagt, was hilft die beste Sonnencreme-Kampagne an einem Regentag? Die Autoverleiher von Sixt reagierten in ihren Kampagnen lange auf akutelle, politische oder gesellschaftliche Ergeinisse, die den Menschen pr\u00e4sent waren und schufen so das Gef\u00fchl der Aktualit\u00e4t des Angebots. Ein guter Schritt, der nicht viel Aufwand bedeutete.<\/p>\n<p>Das gro\u00dfe Thema der Streuverluste im Verkaufsmarketing lie\u00dfe sich aber wesentlich verringern, wenn man den quasi \u201eidealen\u201c Zeitpunkt f\u00fcr den einzelnen Konsument treffen w\u00fcrde. Das Ziel muss also sein, nicht nur Interessen f\u00fcr gezieltes Marketing zu nutzen, wie es im Regelfall etwa bei Display-Werbung im Internet der Fall ist, sondern auch die konkrete Gef\u00fchlssituation des Einzelnen. Hat er seinen Beziehungsstatus ge\u00e4ndert? Wohnt er in einem Regengebiet? F\u00fcr wann hat er seinen Urlaub geplant? Wo arbeitet er und wie steht seine Firma aktuell in den Medien da \u2013 ein wichtiger Wohlf\u00fchlfaktor&#8230;? Bei Facebook l\u00e4sst sich z.B. die aktuelle Stimmung ausdr\u00fccken \u2013 kann das genutzt werden? Welche Artikel hat sie gelesen\/geliked?<\/p>\n<p>Ein Start w\u00e4re getan, wenn man quasi ein Stimmungsbarometer auf die Interessensdaten legen w\u00fcrde, in das verschiedene, einfach zu beschaffene Daten einflie\u00dfen \u2013 wie z.B. das regionale Wetter, aktuelle Nachrichten und auch gro\u00dfe, Stimmungsbeeinflussende Kampagnen anderer Unternehmen oder Diskussionen in den sozialen Medien.<\/p>\n<h2>Marketingmanagement richtig gedacht ABER wird EIA auch richtig umgesetzt?<\/h2>\n<p>Das Stichwort hierzu ist \u201etotale Vernetzung\u201c. Grunds\u00e4tzlich nichts neues. Aber als F\u00fchrungsinstrument im Marketing immer noch zu ungenutzt. Doch gibt es einige Ans\u00e4tze, bei denen es schon sinnvoll eingesetzt wurde&#8230; Bsp: Mode. La Redoute aus Frankreich hat bemerkt, dass beispielsweise eine lang vorbereitete Kampagne f\u00fcr die aktuelle Sommerkollektion in einem kalten, verregneten Fr\u00fchling nicht zwangsl\u00e4ufig sinnvoll sein muss. Das Unternehmen gestaltet Display-Werbung flexibel. Bei Regen tragen die Models etwa passende Ponchos, anstelle von sonnengefluteten, Karibikfotos zu strahlen.<\/p>\n<p>Neben technischen Steuerm\u00f6glichkeiten von elektronischen Medien sollten aber auch Offline-Kampagnen bzw. Crossmedia-Kampagnen abgestimmt werden. Promoteams etwa sollten auch reagieren k\u00f6nnen und flexible Aktionen in petto haben. Die Kunst ist es, diese Kampagnen vernetzt zu steuern und in flachen Hierarchien schnell reagieren zu k\u00f6nnen. Dabei mit erweiterten Parametern mehr Inputm\u00f6glichkeiten und einen gr\u00f6\u00dferen Entscheidungsspielraum geben.<\/p>\n<p>Es sind Gedankenans\u00e4tze, die durch den Raum geistern. Erste zaghafte Versuche zu L\u00f6sungsans\u00e4tzen gibt es bereits. Environmental Influenced Advertising sollte als Schlagwort einmal zum Nachdenken anregen. Die Kreativ-Schmieden werden hier bald sicherlich innovative Konzepte liefern.<\/p>\n<hr>\n<p>Picture: &#169; unsplash.com &#8211; Nithya Ramanujam &#8211; Dews&#8230;<!-- <\/ezTOC> --><\/p>\n","protected":false},"excerpt":{"rendered":"<p>Weg von demographischen Mustern hin zu stimmungsabh\u00e4ngigem Marketing \u2192 Warum nicht Stimmungen nutzen, statt sie zu schaffen? Wer ist Ihre [&hellip;]<\/p>\n","protected":false},"author":2,"featured_media":196,"comment_status":"closed","ping_status":"open","sticky":false,"template":"","format":"standard","meta":[],"categories":[53],"tags":[],"features_image":"https:\/\/schwarzer.de\/blog\/wp-content\/uploads\/2014\/06\/quergedachteia-environmental-influenced-advertising.jpg","rk_cat":null,"rk_date":"23.06.2014","yoast_head":"<!-- This site is optimized with the Yoast SEO plugin v18.1 - https:\/\/yoast.com\/wordpress\/plugins\/seo\/ -->\n<title>Quergedacht I \/\/ EIA \u2013 Environmental Influenced Advertising - Schwarzer.de Blog<\/title>\n<meta name=\"robots\" content=\"index, follow, max-snippet:-1, max-image-preview:large, max-video-preview:-1\" \/>\n<link rel=\"canonical\" href=\"https:\/\/schwarzer.de\/blog\/quergedacht-eia-environmental-influenced-advertising\/\" \/>\n<meta property=\"og:locale\" content=\"de_DE\" \/>\n<meta property=\"og:type\" content=\"article\" \/>\n<meta property=\"og:title\" content=\"Quergedacht I \/\/ EIA \u2013 Environmental Influenced Advertising - Schwarzer.de Blog\" \/>\n<meta property=\"og:description\" content=\"Weg von demographischen Mustern hin zu stimmungsabh\u00e4ngigem Marketing \u2192 Warum nicht Stimmungen nutzen, statt sie zu schaffen? Wer ist Ihre [&hellip;]\" \/>\n<meta property=\"og:url\" content=\"https:\/\/schwarzer.de\/blog\/quergedacht-eia-environmental-influenced-advertising\/\" \/>\n<meta property=\"og:site_name\" content=\"Schwarzer.de Blog\" \/>\n<meta property=\"article:published_time\" content=\"2014-06-23T06:00:10+00:00\" \/>\n<meta property=\"article:modified_time\" content=\"2020-09-17T13:54:02+00:00\" \/>\n<meta property=\"og:image\" content=\"https:\/\/schwarzer.de\/blog\/wp-content\/uploads\/2014\/06\/quergedachteia-environmental-influenced-advertising.jpg\" \/>\n\t<meta property=\"og:image:width\" content=\"592\" \/>\n\t<meta property=\"og:image:height\" content=\"222\" \/>\n\t<meta property=\"og:image:type\" content=\"image\/jpeg\" \/>\n<meta name=\"twitter:card\" content=\"summary_large_image\" \/>\n<meta name=\"twitter:label1\" content=\"Geschrieben von\" \/>\n\t<meta name=\"twitter:data1\" content=\"Hans-J\u00fcrgen Schwarzer\" \/>\n\t<meta name=\"twitter:label2\" content=\"Gesch\u00e4tzte Lesezeit\" \/>\n\t<meta name=\"twitter:data2\" content=\"3 Minuten\" \/>\n<script type=\"application\/ld+json\" class=\"yoast-schema-graph\">{\"@context\":\"https:\/\/schema.org\",\"@graph\":[{\"@type\":\"WebSite\",\"@id\":\"https:\/\/schwarzer.de\/blog\/#website\",\"url\":\"https:\/\/schwarzer.de\/blog\/\",\"name\":\"Schwarzer.de Blog\",\"description\":\"\",\"potentialAction\":[{\"@type\":\"SearchAction\",\"target\":{\"@type\":\"EntryPoint\",\"urlTemplate\":\"https:\/\/schwarzer.de\/blog\/?s={search_term_string}\"},\"query-input\":\"required name=search_term_string\"}],\"inLanguage\":\"de-DE\"},{\"@type\":\"ImageObject\",\"@id\":\"https:\/\/schwarzer.de\/blog\/quergedacht-eia-environmental-influenced-advertising\/#primaryimage\",\"inLanguage\":\"de-DE\",\"url\":\"https:\/\/schwarzer.de\/blog\/wp-content\/uploads\/2014\/06\/quergedachteia-environmental-influenced-advertising.jpg\",\"contentUrl\":\"https:\/\/schwarzer.de\/blog\/wp-content\/uploads\/2014\/06\/quergedachteia-environmental-influenced-advertising.jpg\",\"width\":592,\"height\":222,\"caption\":\"Quergedacht I \/\/ EIA \u2013 Environmental Influenced Advertising\"},{\"@type\":\"WebPage\",\"@id\":\"https:\/\/schwarzer.de\/blog\/quergedacht-eia-environmental-influenced-advertising\/#webpage\",\"url\":\"https:\/\/schwarzer.de\/blog\/quergedacht-eia-environmental-influenced-advertising\/\",\"name\":\"Quergedacht I \/\/ EIA \u2013 Environmental Influenced Advertising - Schwarzer.de Blog\",\"isPartOf\":{\"@id\":\"https:\/\/schwarzer.de\/blog\/#website\"},\"primaryImageOfPage\":{\"@id\":\"https:\/\/schwarzer.de\/blog\/quergedacht-eia-environmental-influenced-advertising\/#primaryimage\"},\"datePublished\":\"2014-06-23T06:00:10+00:00\",\"dateModified\":\"2020-09-17T13:54:02+00:00\",\"author\":{\"@id\":\"https:\/\/schwarzer.de\/blog\/#\/schema\/person\/b4ffeb0c116fc217c80baefd49bc381a\"},\"breadcrumb\":{\"@id\":\"https:\/\/schwarzer.de\/blog\/quergedacht-eia-environmental-influenced-advertising\/#breadcrumb\"},\"inLanguage\":\"de-DE\",\"potentialAction\":[{\"@type\":\"ReadAction\",\"target\":[\"https:\/\/schwarzer.de\/blog\/quergedacht-eia-environmental-influenced-advertising\/\"]}]},{\"@type\":\"BreadcrumbList\",\"@id\":\"https:\/\/schwarzer.de\/blog\/quergedacht-eia-environmental-influenced-advertising\/#breadcrumb\",\"itemListElement\":[{\"@type\":\"ListItem\",\"position\":1,\"name\":\"Startseite\",\"item\":\"https:\/\/schwarzer.de\/blog\/\"},{\"@type\":\"ListItem\",\"position\":2,\"name\":\"Quergedacht I \/\/ EIA \u2013 Environmental Influenced Advertising\"}]},{\"@type\":\"Person\",\"@id\":\"https:\/\/schwarzer.de\/blog\/#\/schema\/person\/b4ffeb0c116fc217c80baefd49bc381a\",\"name\":\"Hans-J\u00fcrgen Schwarzer\",\"image\":{\"@type\":\"ImageObject\",\"@id\":\"https:\/\/schwarzer.de\/blog\/#personlogo\",\"inLanguage\":\"de-DE\",\"url\":\"https:\/\/secure.gravatar.com\/avatar\/64690c1ea3ab46fac7afd4778bc78364?s=96&d=mm&r=g\",\"contentUrl\":\"https:\/\/secure.gravatar.com\/avatar\/64690c1ea3ab46fac7afd4778bc78364?s=96&d=mm&r=g\",\"caption\":\"Hans-J\u00fcrgen Schwarzer\"},\"description\":\"Hans-J\u00fcrgen Schwarzer leitet die Digital-Agentur schwarzer.de software + internet gmbh. Als Unternehmer und Verleger in Personalunion wie auch als leidenschaftlicher Blogger geh\u00f6rt er zu den Hauptautoren verschiedener Online-Magazine. Innerhalb seiner breiten Palette an Themen liegen dem Mainzer Lokalpatrioten dabei vermeintlich \u201eschr\u00e4ge\u201c Ideen und technische Novit\u00e4ten besonders am Herzen - Nerdstuff, wie es heute hei\u00dft.\",\"url\":\"#\"}]}<\/script>\n<!-- \/ Yoast SEO plugin. -->","yoast_head_json":{"title":"Quergedacht I \/\/ EIA \u2013 Environmental Influenced Advertising - Schwarzer.de Blog","robots":{"index":"index","follow":"follow","max-snippet":"max-snippet:-1","max-image-preview":"max-image-preview:large","max-video-preview":"max-video-preview:-1"},"canonical":"https:\/\/schwarzer.de\/blog\/quergedacht-eia-environmental-influenced-advertising\/","og_locale":"de_DE","og_type":"article","og_title":"Quergedacht I \/\/ EIA \u2013 Environmental Influenced Advertising - Schwarzer.de Blog","og_description":"Weg von demographischen Mustern hin zu stimmungsabh\u00e4ngigem Marketing \u2192 Warum nicht Stimmungen nutzen, statt sie zu schaffen? Wer ist Ihre [&hellip;]","og_url":"https:\/\/schwarzer.de\/blog\/quergedacht-eia-environmental-influenced-advertising\/","og_site_name":"Schwarzer.de Blog","article_published_time":"2014-06-23T06:00:10+00:00","article_modified_time":"2020-09-17T13:54:02+00:00","og_image":[{"width":592,"height":222,"url":"https:\/\/schwarzer.de\/blog\/wp-content\/uploads\/2014\/06\/quergedachteia-environmental-influenced-advertising.jpg","type":"image\/jpeg"}],"twitter_card":"summary_large_image","twitter_misc":{"Geschrieben von":"Hans-J\u00fcrgen Schwarzer","Gesch\u00e4tzte Lesezeit":"3 Minuten"},"schema":{"@context":"https:\/\/schema.org","@graph":[{"@type":"WebSite","@id":"https:\/\/schwarzer.de\/blog\/#website","url":"https:\/\/schwarzer.de\/blog\/","name":"Schwarzer.de Blog","description":"","potentialAction":[{"@type":"SearchAction","target":{"@type":"EntryPoint","urlTemplate":"https:\/\/schwarzer.de\/blog\/?s={search_term_string}"},"query-input":"required name=search_term_string"}],"inLanguage":"de-DE"},{"@type":"ImageObject","@id":"https:\/\/schwarzer.de\/blog\/quergedacht-eia-environmental-influenced-advertising\/#primaryimage","inLanguage":"de-DE","url":"https:\/\/schwarzer.de\/blog\/wp-content\/uploads\/2014\/06\/quergedachteia-environmental-influenced-advertising.jpg","contentUrl":"https:\/\/schwarzer.de\/blog\/wp-content\/uploads\/2014\/06\/quergedachteia-environmental-influenced-advertising.jpg","width":592,"height":222,"caption":"Quergedacht I \/\/ EIA \u2013 Environmental Influenced Advertising"},{"@type":"WebPage","@id":"https:\/\/schwarzer.de\/blog\/quergedacht-eia-environmental-influenced-advertising\/#webpage","url":"https:\/\/schwarzer.de\/blog\/quergedacht-eia-environmental-influenced-advertising\/","name":"Quergedacht I \/\/ EIA \u2013 Environmental Influenced Advertising - Schwarzer.de Blog","isPartOf":{"@id":"https:\/\/schwarzer.de\/blog\/#website"},"primaryImageOfPage":{"@id":"https:\/\/schwarzer.de\/blog\/quergedacht-eia-environmental-influenced-advertising\/#primaryimage"},"datePublished":"2014-06-23T06:00:10+00:00","dateModified":"2020-09-17T13:54:02+00:00","author":{"@id":"https:\/\/schwarzer.de\/blog\/#\/schema\/person\/b4ffeb0c116fc217c80baefd49bc381a"},"breadcrumb":{"@id":"https:\/\/schwarzer.de\/blog\/quergedacht-eia-environmental-influenced-advertising\/#breadcrumb"},"inLanguage":"de-DE","potentialAction":[{"@type":"ReadAction","target":["https:\/\/schwarzer.de\/blog\/quergedacht-eia-environmental-influenced-advertising\/"]}]},{"@type":"BreadcrumbList","@id":"https:\/\/schwarzer.de\/blog\/quergedacht-eia-environmental-influenced-advertising\/#breadcrumb","itemListElement":[{"@type":"ListItem","position":1,"name":"Startseite","item":"https:\/\/schwarzer.de\/blog\/"},{"@type":"ListItem","position":2,"name":"Quergedacht I \/\/ EIA \u2013 Environmental Influenced Advertising"}]},{"@type":"Person","@id":"https:\/\/schwarzer.de\/blog\/#\/schema\/person\/b4ffeb0c116fc217c80baefd49bc381a","name":"Hans-J\u00fcrgen Schwarzer","image":{"@type":"ImageObject","@id":"https:\/\/schwarzer.de\/blog\/#personlogo","inLanguage":"de-DE","url":"https:\/\/secure.gravatar.com\/avatar\/64690c1ea3ab46fac7afd4778bc78364?s=96&d=mm&r=g","contentUrl":"https:\/\/secure.gravatar.com\/avatar\/64690c1ea3ab46fac7afd4778bc78364?s=96&d=mm&r=g","caption":"Hans-J\u00fcrgen Schwarzer"},"description":"Hans-J\u00fcrgen Schwarzer leitet die Digital-Agentur schwarzer.de software + internet gmbh. Als Unternehmer und Verleger in Personalunion wie auch als leidenschaftlicher Blogger geh\u00f6rt er zu den Hauptautoren verschiedener Online-Magazine. Innerhalb seiner breiten Palette an Themen liegen dem Mainzer Lokalpatrioten dabei vermeintlich \u201eschr\u00e4ge\u201c Ideen und technische Novit\u00e4ten besonders am Herzen - Nerdstuff, wie es heute hei\u00dft.","url":"#"}]}},"_links":{"self":[{"href":"https:\/\/schwarzer.de\/blog\/wp-json\/wp\/v2\/posts\/185"}],"collection":[{"href":"https:\/\/schwarzer.de\/blog\/wp-json\/wp\/v2\/posts"}],"about":[{"href":"https:\/\/schwarzer.de\/blog\/wp-json\/wp\/v2\/types\/post"}],"author":[{"embeddable":true,"href":"https:\/\/schwarzer.de\/blog\/wp-json\/wp\/v2\/users\/2"}],"replies":[{"embeddable":true,"href":"https:\/\/schwarzer.de\/blog\/wp-json\/wp\/v2\/comments?post=185"}],"version-history":[{"count":6,"href":"https:\/\/schwarzer.de\/blog\/wp-json\/wp\/v2\/posts\/185\/revisions"}],"predecessor-version":[{"id":1313,"href":"https:\/\/schwarzer.de\/blog\/wp-json\/wp\/v2\/posts\/185\/revisions\/1313"}],"wp:featuredmedia":[{"embeddable":true,"href":"https:\/\/schwarzer.de\/blog\/wp-json\/wp\/v2\/media\/196"}],"wp:attachment":[{"href":"https:\/\/schwarzer.de\/blog\/wp-json\/wp\/v2\/media?parent=185"}],"wp:term":[{"taxonomy":"category","embeddable":true,"href":"https:\/\/schwarzer.de\/blog\/wp-json\/wp\/v2\/categories?post=185"},{"taxonomy":"post_tag","embeddable":true,"href":"https:\/\/schwarzer.de\/blog\/wp-json\/wp\/v2\/tags?post=185"}],"curies":[{"name":"wp","href":"https:\/\/api.w.org\/{rel}","templated":true}]}}