{"id":1720,"date":"2023-11-27T10:00:38","date_gmt":"2023-11-27T08:00:38","guid":{"rendered":"https:\/\/schwarzer.de\/blog\/?p=1720"},"modified":"2023-11-27T10:13:50","modified_gmt":"2023-11-27T08:13:50","slug":"ki-konferenz-viele-haeppchen","status":"publish","type":"post","link":"https:\/\/schwarzer.de\/blog\/ki-konferenz-viele-haeppchen\/","title":{"rendered":"KI-Konferenz: Viele H\u00e4ppchen des gro\u00dfen Kuchens"},"content":{"rendered":"<p><!-- <ezTOC> -->Das Bundesministerium f\u00fcr Digitales und Verkehr lud am 24. November zur <strong>Internationalen KI-Konferenz \u201eFueling European Innovation with AI\u201c<\/strong> nach Mainz. Hier trafen sich wichtige Personen aus Politik, Wissenschaft und Wirtschaft, um \u00fcber das gro\u00dfe Feld der KI \u2013 k\u00fcnstliche Intelligenz \u2013 zu sprechen. Dabei wurde das Thema aus vielen Perspektiven betrachtet, mal abstrakt und theoretisch, in anderen F\u00e4llen sehr konkret.<\/p>\n<div id=\"ez-toc-container\" class=\"ez-toc-v2_0_16 counter-hierarchy\">\n<div class=\"ez-toc-title-container\">\n<p class=\"ez-toc-title\">Inhaltsverzeichnis: Das erwartet Sie in diesem Artikel<\/p>\n<span class=\"ez-toc-title-toggle\"><a class=\"ez-toc-pull-right ez-toc-btn ez-toc-btn-xs ez-toc-btn-default ez-toc-toggle\" style=\"display: none;\"><i class=\"ez-toc-glyphicon ez-toc-icon-toggle\"><\/i><\/a><\/span><\/div>\n<nav><ul class=\"ez-toc-list ez-toc-list-level-1\"><li class=\"ez-toc-page-1 ez-toc-heading-level-2\"><a class=\"ez-toc-link ez-toc-heading-1\" href=\"https:\/\/schwarzer.de\/blog\/ki-konferenz-viele-haeppchen\/#ki-regulierung-internationale-zusammenarbeit-um-einheitliche-regeln-und-chancen-zu-haben\" title=\"KI-Regulierung: Internationale Zusammenarbeit um einheitliche Regeln und Chancen zu haben\">KI-Regulierung: Internationale Zusammenarbeit um einheitliche Regeln und Chancen zu haben<\/a><\/li><li class=\"ez-toc-page-1 ez-toc-heading-level-2\"><a class=\"ez-toc-link ez-toc-heading-2\" href=\"https:\/\/schwarzer.de\/blog\/ki-konferenz-viele-haeppchen\/#vertrauen-und-wettbewerbsfaehigkeit-geht-das\" title=\"Vertrauen und Wettbewerbsf\u00e4higkeit \u2013 geht das? \">Vertrauen und Wettbewerbsf\u00e4higkeit \u2013 geht das? <\/a><\/li><li class=\"ez-toc-page-1 ez-toc-heading-level-2\"><a class=\"ez-toc-link ez-toc-heading-3\" href=\"https:\/\/schwarzer.de\/blog\/ki-konferenz-viele-haeppchen\/#ki-in-der-praxis-wie-bleibt-deutschland-spitzenreiter-der-robotik\" title=\"KI in der Praxis: Wie bleibt Deutschland Spitzenreiter der Robotik?\">KI in der Praxis: Wie bleibt Deutschland Spitzenreiter der Robotik?<\/a><\/li><li class=\"ez-toc-page-1 ez-toc-heading-level-2\"><a class=\"ez-toc-link ez-toc-heading-4\" href=\"https:\/\/schwarzer.de\/blog\/ki-konferenz-viele-haeppchen\/#regulierung-mit-bedacht-ermoeglicht-innovationen\" title=\"Regulierung mit Bedacht erm\u00f6glicht Innovationen\">Regulierung mit Bedacht erm\u00f6glicht Innovationen<\/a><\/li><\/ul><\/nav><\/div>\n<h2><span class=\"ez-toc-section\" id=\"ki-regulierung-internationale-zusammenarbeit-um-einheitliche-regeln-und-chancen-zu-haben\"><\/span>KI-Regulierung: Internationale Zusammenarbeit um einheitliche Regeln und Chancen zu haben<span class=\"ez-toc-section-end\"><\/span><\/h2>\n<p>Die <strong>KI bietet viele Chancen, die viele Personen auch heute schon nutzen, ohne sich dessen bewusst zu sein<\/strong>. Beispiele sind die Fahrerassistenzsysteme, das Erkennen von Tumormarkern in der Medizin oder das Sichtbarmachen von Algenbl\u00fcten in Meeren aus dem Weltall. Aber die Entwicklung der KI h\u00e4lt viele Entdeckungen bereit, von denen wir teilweise noch nichts ahnen. <\/p>\n<p><strong>Gleichzeitig hilft uns die KI beim Bew\u00e4ltigen von vielen Herausforderungen des Alltags<\/strong>: Dem Restaurantbetreiber beim Servieren, dem Autofahrer beim Einparken und dem Landwirt beim pr\u00e4zisen Ausbringen der D\u00fcngung. Zur gleichen Zeit birgt die KI Risiken. Bei dieser Konferenz wurde exemplarisch Social Scoring genannt, dass laut dem AI-Act inakzeptabel ist.<\/p>\n<blockquote><p><strong>\u201eDie KI potenziert unsere F\u00e4higkeiten im Guten wie im Schlechten.\u201c <\/strong><br \/>\nDr. Volker Wissing, MdB \u2013 Bundesminister f\u00fcr Digitales und Verkehr<\/p><\/blockquote>\n<p>Um die <strong>Chancen der KI zu nutzen<\/strong> und gleichzeitig die <strong>Risiken abzumildern, ist eine Regulierung gefragt<\/strong>, die soviel Flexibilit\u00e4t besitzt, um Innovationen zuzulassen. Daran arbeiten weltweit verschiedene Gruppen und Staaten. <strong>Nicht alle verfolgen die gleichen demokratischen Werte wie die EU, haben allerdings die Risiken der KI erkannt<\/strong>. So finden sich gemeinsame Nenner, die auch Staaten wie China dazu bringt, internationalen Konsens zu suchen. <\/p>\n<p>Bislang sind viele <strong>freiwillige \u201eCodes of Conduct\u201c<\/strong> entstanden. Diese sollen in verbindliche Regularien \u00fcberf\u00fchrt werden, wie es der \u201eAI-Act\u201c der Europ\u00e4ischen Union ist. Dr. Sebastian Hallensleben (VDE, CEN-CENELEC JTC AI) erkl\u00e4rt hierzu, dass diese Codices den Entwicklern dabei hilft, richtiges Verhalten zu definieren. Sind sie in Regularien \u00fcberf\u00fchrt, werden sie durchsetzbar. Diese Konferenz beleuchtete einige Problematiken dabei, wie die Entwicklung von Standards und einem Qualit\u00e4tssiegel.<\/p>\n<h2><span class=\"ez-toc-section\" id=\"vertrauen-und-wettbewerbsfaehigkeit-geht-das\"><\/span>Vertrauen und Wettbewerbsf\u00e4higkeit \u2013 geht das? <span class=\"ez-toc-section-end\"><\/span><\/h2>\n<p>Eine Arbeitsgruppe diskutierte die M\u00f6glichkeit, durch <strong>Regulierung Vertrauen in KI aufzubauen und gleichzeitig wettbewerbsf\u00e4hig zu bleiben<\/strong>. Im Panel herrschte Einigkeit dar\u00fcber, dass Europa und Deutschland international bislang kaum eine Rolle spielen. Prof. Dr. Andreas Dengel (DFKI &#038; TU Kaiserslautern) sprach von der \u201eGerman Angst\u201c, die international bekannt ist. Sie beschreibt einen kulturellen Unterschied zwischen Deutschland sowie den USA und China, wo eher \u201eeinfach mal gemacht\u201c wird. <\/p>\n<p>Dengel sowie Prof. Dr. Matthias Niessner (Synthesia &#038; TUM) beklagten, dass <strong>viele gut ausgebildete Menschen in Deutschland promovieren und dann das Land verlassen<\/strong>. Dr. Frauke Goll (appliedAI) versuchte dagegen zu argumentieren und verwies darauf, dass viele Pers\u00f6nlichkeiten sp\u00e4ter nach Deutschland zur\u00fcckkehren. Einig waren sich alle: <strong>Ein auf deutscher Grundsatzforschung basierendes Unternehmen in Deutschland muss viele H\u00fcrden nehmen, die es im Ausland nicht zu bew\u00e4ltigen h\u00e4tte<\/strong>. Das macht Deutschland unattraktiv f\u00fcr Innovationen und Investitionen.<\/p>\n<h2><span class=\"ez-toc-section\" id=\"ki-in-der-praxis-wie-bleibt-deutschland-spitzenreiter-der-robotik\"><\/span>KI in der Praxis: Wie bleibt Deutschland Spitzenreiter der Robotik?<span class=\"ez-toc-section-end\"><\/span><\/h2>\n<p>Eine weitere Arbeitsgruppe diskutierte etwas greifbarer \u00fcber <strong>KI im Feld der Robotik<\/strong>. Auch hier wurden die Themen <strong>Akzeptanz <\/strong>in der Bev\u00f6lkerung, <strong>Finanzierungsaspekte <\/strong>sowie Venture Capital, die <strong>Skalierung <\/strong>und <strong>Nachwuchsf\u00f6rderung <\/strong>diskutiert. Die Diskutierenden waren sich einig, dass eine intuitive Bedienung essenziell ist. Zudem brauchen die Beteiligten das <strong>Gef\u00fchl der Kontrolle<\/strong>. Zus\u00e4tzlich wurde klar: Sobald der Mehrwert einer Entwicklung ersichtlich wird, akzeptiert die Bev\u00f6lkerung diese. Diese Beobachtung unterst\u00fctzte Johannes Fuchs, Robotise, mit Service-Robotern in einem Hotel. <\/p>\n<blockquote><p><strong>\u201eUnsere Enkel wachsen als Robotic und AI-Natives auf. (Die KI wird ihre Lebenswelt durchdringen.) Wir tun uns nur damit schwer, weil wir die letzte Generation der Robotic Immigrants sind, mit sehr analogem Migrationshintergrund.\u201c<\/strong><br \/>\nProf. Dr. Dominik B\u00f6sl, Micropsi Industries &#038; Hochschule der bayrischen Wirtschaft<\/p><\/blockquote>\n<p>Ein weiteres Problem ist die <strong>Finanzierung<\/strong>: Die M\u00f6glichkeit wurde aufgezeigt, \u00fcber nicht r\u00fcckzahlbare Darlehen junge Unternehmen zu finanzieren. Einige davon w\u00fcrden auf anderem Wege viel mehr zur\u00fcckgeben, als sie bekommen haben. Eine zus\u00e4tzliche Herausforderung wartet auf junge Unternehmen, wenn sie an der Schwelle zum Global Player stehen, beobachtete B\u00f6sl. Dann werden sie h\u00e4ufig von ausl\u00e4ndischen Investoren \u00fcbernommen. <\/p>\n<p>Die <strong>Skalierung <\/strong>stellt deutsche Unternehmen vor ein weiteres Problem: H\u00e4ufig entwickeln sie L\u00f6sungen f\u00fcr den inl\u00e4ndischen Markt und haben sp\u00e4ter nicht die Strukturen, um international arbeiten zu k\u00f6nnen. <strong>\u201eGro\u00df denken ist nicht \u00fcberheblich!\u201c<\/strong>, versichert Johannes Fuchs, Mitgr\u00fcnder von Robotise. Sein Unternehmen machte nicht diesen Fehler, obwohl er durch die Regularien hierzulande das Produkt erst zwei Jahre sp\u00e4ter auf den Markt brachte und es wesentlich teuer wurde.<\/p>\n<h2><span class=\"ez-toc-section\" id=\"regulierung-mit-bedacht-ermoeglicht-innovationen\"><\/span>Regulierung mit Bedacht erm\u00f6glicht Innovationen<span class=\"ez-toc-section-end\"><\/span><\/h2>\n<p>Aus den Arbeitsgruppen und dem Plenum ergaben sich ganz \u00e4hnliche <strong>Forderungen an die Politik, aber auch an die Gesellschaft<\/strong>: Eine Regulierung muss entstehen, die zwar Rechtssicherheit geben muss, aber flexibel genug sein muss, um sowohl Investitionen zu erm\u00f6glichen, als auch flexibel auf die Zukunft reagieren zu k\u00f6nnen. Dazu ist eine schlankere B\u00fcrokratie erforderlich. Die <strong>Gesellschaft in Deutschland muss sich hin zu einem Fokus auf die Chancen anstelle auf die Risiken<\/strong> wandeln. Dabei hilft eine fr\u00fchzeitige Ber\u00fchrung mit neuen Technologien bereits in der Schule oder noch fr\u00fcher. Die Forschung muss besser in kommerzielle Produkte \u00fcberf\u00fchrt werden.<br \/>\n<!-- <\/ezTOC> --><\/p>\n","protected":false},"excerpt":{"rendered":"<p>Das Bundesministerium f\u00fcr Digitales und Verkehr lud am 24. November zur Internationalen KI-Konferenz \u201eFueling European Innovation with AI\u201c nach Mainz. [&hellip;]<\/p>\n","protected":false},"author":2,"featured_media":1725,"comment_status":"open","ping_status":"open","sticky":false,"template":"","format":"standard","meta":[],"categories":[1,367],"tags":[],"features_image":"https:\/\/schwarzer.de\/blog\/wp-content\/uploads\/2023\/11\/Daniela-Schmitt-Wirtschaftsministerin-Rheinland-Pfalz-auf-KI-Konferenz-in-Mainz-Foto-schwarzer.de_.jpg","rk_cat":null,"rk_date":"27.11.2023","yoast_head":"<!-- This site is optimized with the Yoast SEO plugin v18.1 - https:\/\/yoast.com\/wordpress\/plugins\/seo\/ -->\n<title>KI-Konferenz: Viele H\u00e4ppchen des gro\u00dfen Kuchens - Schwarzer.de Blog<\/title>\n<meta name=\"description\" content=\"Die KI-Konferenz am 24. November 2023 in Mainz zeigte viele Aspekte der KI. Auf der B\u00fchne und bei den H\u00e4ppchen. Wir haben mitgeredet!\" \/>\n<meta name=\"robots\" content=\"index, follow, max-snippet:-1, max-image-preview:large, max-video-preview:-1\" \/>\n<link rel=\"canonical\" href=\"https:\/\/schwarzer.de\/blog\/ki-konferenz-viele-haeppchen\/\" \/>\n<meta property=\"og:locale\" content=\"de_DE\" \/>\n<meta property=\"og:type\" content=\"article\" \/>\n<meta property=\"og:title\" content=\"KI-Konferenz: Viele H\u00e4ppchen des gro\u00dfen Kuchens - Schwarzer.de Blog\" \/>\n<meta property=\"og:description\" content=\"Die KI-Konferenz am 24. November 2023 in Mainz zeigte viele Aspekte der KI. Auf der B\u00fchne und bei den H\u00e4ppchen. Wir haben mitgeredet!\" \/>\n<meta property=\"og:url\" content=\"https:\/\/schwarzer.de\/blog\/ki-konferenz-viele-haeppchen\/\" \/>\n<meta property=\"og:site_name\" content=\"Schwarzer.de Blog\" \/>\n<meta property=\"article:published_time\" content=\"2023-11-27T08:00:38+00:00\" \/>\n<meta property=\"article:modified_time\" content=\"2023-11-27T08:13:50+00:00\" \/>\n<meta property=\"og:image\" content=\"https:\/\/schwarzer.de\/blog\/wp-content\/uploads\/2023\/11\/Daniela-Schmitt-Wirtschaftsministerin-Rheinland-Pfalz-auf-KI-Konferenz-in-Mainz-Foto-schwarzer.de_.jpg\" \/>\n\t<meta property=\"og:image:width\" content=\"1080\" \/>\n\t<meta property=\"og:image:height\" content=\"378\" \/>\n\t<meta property=\"og:image:type\" content=\"image\/jpeg\" \/>\n<meta name=\"twitter:card\" content=\"summary_large_image\" \/>\n<meta name=\"twitter:label1\" content=\"Geschrieben von\" \/>\n\t<meta name=\"twitter:data1\" content=\"Hans-J\u00fcrgen Schwarzer\" \/>\n\t<meta name=\"twitter:label2\" content=\"Gesch\u00e4tzte Lesezeit\" \/>\n\t<meta name=\"twitter:data2\" content=\"4 Minuten\" \/>\n<script type=\"application\/ld+json\" class=\"yoast-schema-graph\">{\"@context\":\"https:\/\/schema.org\",\"@graph\":[{\"@type\":\"WebSite\",\"@id\":\"https:\/\/schwarzer.de\/blog\/#website\",\"url\":\"https:\/\/schwarzer.de\/blog\/\",\"name\":\"Schwarzer.de Blog\",\"description\":\"\",\"potentialAction\":[{\"@type\":\"SearchAction\",\"target\":{\"@type\":\"EntryPoint\",\"urlTemplate\":\"https:\/\/schwarzer.de\/blog\/?s={search_term_string}\"},\"query-input\":\"required name=search_term_string\"}],\"inLanguage\":\"de-DE\"},{\"@type\":\"ImageObject\",\"@id\":\"https:\/\/schwarzer.de\/blog\/ki-konferenz-viele-haeppchen\/#primaryimage\",\"inLanguage\":\"de-DE\",\"url\":\"https:\/\/schwarzer.de\/blog\/wp-content\/uploads\/2023\/11\/Daniela-Schmitt-Wirtschaftsministerin-Rheinland-Pfalz-auf-KI-Konferenz-in-Mainz-Foto-schwarzer.de_.jpg\",\"contentUrl\":\"https:\/\/schwarzer.de\/blog\/wp-content\/uploads\/2023\/11\/Daniela-Schmitt-Wirtschaftsministerin-Rheinland-Pfalz-auf-KI-Konferenz-in-Mainz-Foto-schwarzer.de_.jpg\",\"width\":1080,\"height\":378,\"caption\":\"Daniela Schmitt, Wirtschaftsministerin Rheinland-Pfalz, auf KI-Konferenz in Mainz (Foto schwarzer.de)\"},{\"@type\":\"WebPage\",\"@id\":\"https:\/\/schwarzer.de\/blog\/ki-konferenz-viele-haeppchen\/#webpage\",\"url\":\"https:\/\/schwarzer.de\/blog\/ki-konferenz-viele-haeppchen\/\",\"name\":\"KI-Konferenz: Viele H\u00e4ppchen des gro\u00dfen Kuchens - Schwarzer.de Blog\",\"isPartOf\":{\"@id\":\"https:\/\/schwarzer.de\/blog\/#website\"},\"primaryImageOfPage\":{\"@id\":\"https:\/\/schwarzer.de\/blog\/ki-konferenz-viele-haeppchen\/#primaryimage\"},\"datePublished\":\"2023-11-27T08:00:38+00:00\",\"dateModified\":\"2023-11-27T08:13:50+00:00\",\"author\":{\"@id\":\"https:\/\/schwarzer.de\/blog\/#\/schema\/person\/b4ffeb0c116fc217c80baefd49bc381a\"},\"description\":\"Die KI-Konferenz am 24. November 2023 in Mainz zeigte viele Aspekte der KI. Auf der B\u00fchne und bei den H\u00e4ppchen. Wir haben mitgeredet!\",\"breadcrumb\":{\"@id\":\"https:\/\/schwarzer.de\/blog\/ki-konferenz-viele-haeppchen\/#breadcrumb\"},\"inLanguage\":\"de-DE\",\"potentialAction\":[{\"@type\":\"ReadAction\",\"target\":[\"https:\/\/schwarzer.de\/blog\/ki-konferenz-viele-haeppchen\/\"]}]},{\"@type\":\"BreadcrumbList\",\"@id\":\"https:\/\/schwarzer.de\/blog\/ki-konferenz-viele-haeppchen\/#breadcrumb\",\"itemListElement\":[{\"@type\":\"ListItem\",\"position\":1,\"name\":\"Startseite\",\"item\":\"https:\/\/schwarzer.de\/blog\/\"},{\"@type\":\"ListItem\",\"position\":2,\"name\":\"KI-Konferenz: Viele H\u00e4ppchen des gro\u00dfen Kuchens\"}]},{\"@type\":\"Person\",\"@id\":\"https:\/\/schwarzer.de\/blog\/#\/schema\/person\/b4ffeb0c116fc217c80baefd49bc381a\",\"name\":\"Hans-J\u00fcrgen Schwarzer\",\"image\":{\"@type\":\"ImageObject\",\"@id\":\"https:\/\/schwarzer.de\/blog\/#personlogo\",\"inLanguage\":\"de-DE\",\"url\":\"https:\/\/secure.gravatar.com\/avatar\/64690c1ea3ab46fac7afd4778bc78364?s=96&d=mm&r=g\",\"contentUrl\":\"https:\/\/secure.gravatar.com\/avatar\/64690c1ea3ab46fac7afd4778bc78364?s=96&d=mm&r=g\",\"caption\":\"Hans-J\u00fcrgen Schwarzer\"},\"description\":\"Hans-J\u00fcrgen Schwarzer leitet die Digital-Agentur schwarzer.de software + internet gmbh. Als Unternehmer und Verleger in Personalunion wie auch als leidenschaftlicher Blogger geh\u00f6rt er zu den Hauptautoren verschiedener Online-Magazine. Innerhalb seiner breiten Palette an Themen liegen dem Mainzer Lokalpatrioten dabei vermeintlich \u201eschr\u00e4ge\u201c Ideen und technische Novit\u00e4ten besonders am Herzen - Nerdstuff, wie es heute hei\u00dft.\",\"url\":\"#\"}]}<\/script>\n<!-- \/ Yoast SEO plugin. -->","yoast_head_json":{"title":"KI-Konferenz: Viele H\u00e4ppchen des gro\u00dfen Kuchens - Schwarzer.de Blog","description":"Die KI-Konferenz am 24. November 2023 in Mainz zeigte viele Aspekte der KI. Auf der B\u00fchne und bei den H\u00e4ppchen. Wir haben mitgeredet!","robots":{"index":"index","follow":"follow","max-snippet":"max-snippet:-1","max-image-preview":"max-image-preview:large","max-video-preview":"max-video-preview:-1"},"canonical":"https:\/\/schwarzer.de\/blog\/ki-konferenz-viele-haeppchen\/","og_locale":"de_DE","og_type":"article","og_title":"KI-Konferenz: Viele H\u00e4ppchen des gro\u00dfen Kuchens - Schwarzer.de Blog","og_description":"Die KI-Konferenz am 24. November 2023 in Mainz zeigte viele Aspekte der KI. Auf der B\u00fchne und bei den H\u00e4ppchen. Wir haben mitgeredet!","og_url":"https:\/\/schwarzer.de\/blog\/ki-konferenz-viele-haeppchen\/","og_site_name":"Schwarzer.de Blog","article_published_time":"2023-11-27T08:00:38+00:00","article_modified_time":"2023-11-27T08:13:50+00:00","og_image":[{"width":1080,"height":378,"url":"https:\/\/schwarzer.de\/blog\/wp-content\/uploads\/2023\/11\/Daniela-Schmitt-Wirtschaftsministerin-Rheinland-Pfalz-auf-KI-Konferenz-in-Mainz-Foto-schwarzer.de_.jpg","type":"image\/jpeg"}],"twitter_card":"summary_large_image","twitter_misc":{"Geschrieben von":"Hans-J\u00fcrgen Schwarzer","Gesch\u00e4tzte Lesezeit":"4 Minuten"},"schema":{"@context":"https:\/\/schema.org","@graph":[{"@type":"WebSite","@id":"https:\/\/schwarzer.de\/blog\/#website","url":"https:\/\/schwarzer.de\/blog\/","name":"Schwarzer.de Blog","description":"","potentialAction":[{"@type":"SearchAction","target":{"@type":"EntryPoint","urlTemplate":"https:\/\/schwarzer.de\/blog\/?s={search_term_string}"},"query-input":"required name=search_term_string"}],"inLanguage":"de-DE"},{"@type":"ImageObject","@id":"https:\/\/schwarzer.de\/blog\/ki-konferenz-viele-haeppchen\/#primaryimage","inLanguage":"de-DE","url":"https:\/\/schwarzer.de\/blog\/wp-content\/uploads\/2023\/11\/Daniela-Schmitt-Wirtschaftsministerin-Rheinland-Pfalz-auf-KI-Konferenz-in-Mainz-Foto-schwarzer.de_.jpg","contentUrl":"https:\/\/schwarzer.de\/blog\/wp-content\/uploads\/2023\/11\/Daniela-Schmitt-Wirtschaftsministerin-Rheinland-Pfalz-auf-KI-Konferenz-in-Mainz-Foto-schwarzer.de_.jpg","width":1080,"height":378,"caption":"Daniela Schmitt, Wirtschaftsministerin Rheinland-Pfalz, auf KI-Konferenz in Mainz (Foto schwarzer.de)"},{"@type":"WebPage","@id":"https:\/\/schwarzer.de\/blog\/ki-konferenz-viele-haeppchen\/#webpage","url":"https:\/\/schwarzer.de\/blog\/ki-konferenz-viele-haeppchen\/","name":"KI-Konferenz: Viele H\u00e4ppchen des gro\u00dfen Kuchens - Schwarzer.de Blog","isPartOf":{"@id":"https:\/\/schwarzer.de\/blog\/#website"},"primaryImageOfPage":{"@id":"https:\/\/schwarzer.de\/blog\/ki-konferenz-viele-haeppchen\/#primaryimage"},"datePublished":"2023-11-27T08:00:38+00:00","dateModified":"2023-11-27T08:13:50+00:00","author":{"@id":"https:\/\/schwarzer.de\/blog\/#\/schema\/person\/b4ffeb0c116fc217c80baefd49bc381a"},"description":"Die KI-Konferenz am 24. November 2023 in Mainz zeigte viele Aspekte der KI. Auf der B\u00fchne und bei den H\u00e4ppchen. Wir haben mitgeredet!","breadcrumb":{"@id":"https:\/\/schwarzer.de\/blog\/ki-konferenz-viele-haeppchen\/#breadcrumb"},"inLanguage":"de-DE","potentialAction":[{"@type":"ReadAction","target":["https:\/\/schwarzer.de\/blog\/ki-konferenz-viele-haeppchen\/"]}]},{"@type":"BreadcrumbList","@id":"https:\/\/schwarzer.de\/blog\/ki-konferenz-viele-haeppchen\/#breadcrumb","itemListElement":[{"@type":"ListItem","position":1,"name":"Startseite","item":"https:\/\/schwarzer.de\/blog\/"},{"@type":"ListItem","position":2,"name":"KI-Konferenz: Viele H\u00e4ppchen des gro\u00dfen Kuchens"}]},{"@type":"Person","@id":"https:\/\/schwarzer.de\/blog\/#\/schema\/person\/b4ffeb0c116fc217c80baefd49bc381a","name":"Hans-J\u00fcrgen Schwarzer","image":{"@type":"ImageObject","@id":"https:\/\/schwarzer.de\/blog\/#personlogo","inLanguage":"de-DE","url":"https:\/\/secure.gravatar.com\/avatar\/64690c1ea3ab46fac7afd4778bc78364?s=96&d=mm&r=g","contentUrl":"https:\/\/secure.gravatar.com\/avatar\/64690c1ea3ab46fac7afd4778bc78364?s=96&d=mm&r=g","caption":"Hans-J\u00fcrgen Schwarzer"},"description":"Hans-J\u00fcrgen Schwarzer leitet die Digital-Agentur schwarzer.de software + internet gmbh. Als Unternehmer und Verleger in Personalunion wie auch als leidenschaftlicher Blogger geh\u00f6rt er zu den Hauptautoren verschiedener Online-Magazine. Innerhalb seiner breiten Palette an Themen liegen dem Mainzer Lokalpatrioten dabei vermeintlich \u201eschr\u00e4ge\u201c Ideen und technische Novit\u00e4ten besonders am Herzen - Nerdstuff, wie es heute hei\u00dft.","url":"#"}]}},"_links":{"self":[{"href":"https:\/\/schwarzer.de\/blog\/wp-json\/wp\/v2\/posts\/1720"}],"collection":[{"href":"https:\/\/schwarzer.de\/blog\/wp-json\/wp\/v2\/posts"}],"about":[{"href":"https:\/\/schwarzer.de\/blog\/wp-json\/wp\/v2\/types\/post"}],"author":[{"embeddable":true,"href":"https:\/\/schwarzer.de\/blog\/wp-json\/wp\/v2\/users\/2"}],"replies":[{"embeddable":true,"href":"https:\/\/schwarzer.de\/blog\/wp-json\/wp\/v2\/comments?post=1720"}],"version-history":[{"count":10,"href":"https:\/\/schwarzer.de\/blog\/wp-json\/wp\/v2\/posts\/1720\/revisions"}],"predecessor-version":[{"id":1734,"href":"https:\/\/schwarzer.de\/blog\/wp-json\/wp\/v2\/posts\/1720\/revisions\/1734"}],"wp:featuredmedia":[{"embeddable":true,"href":"https:\/\/schwarzer.de\/blog\/wp-json\/wp\/v2\/media\/1725"}],"wp:attachment":[{"href":"https:\/\/schwarzer.de\/blog\/wp-json\/wp\/v2\/media?parent=1720"}],"wp:term":[{"taxonomy":"category","embeddable":true,"href":"https:\/\/schwarzer.de\/blog\/wp-json\/wp\/v2\/categories?post=1720"},{"taxonomy":"post_tag","embeddable":true,"href":"https:\/\/schwarzer.de\/blog\/wp-json\/wp\/v2\/tags?post=1720"}],"curies":[{"name":"wp","href":"https:\/\/api.w.org\/{rel}","templated":true}]}}